{"id":10296,"date":"2025-11-11T07:00:00","date_gmt":"2025-11-11T05:00:00","guid":{"rendered":"https:\/\/www.silven.fi\/?p=10296"},"modified":"2025-11-10T17:39:26","modified_gmt":"2025-11-10T15:39:26","slug":"neljas-yritys","status":"publish","type":"post","link":"https:\/\/www.silven.fi\/index.php\/2025\/11\/11\/neljas-yritys\/","title":{"rendered":"Nelj\u00e4s yritys"},"content":{"rendered":"\n<p>Oulun yliopiston hallituksen puheenjohtajisto allekirjoitti joulukuussa 2024 sopimuksen ilman hallituksen antamaa valtuutusta. Tuon sopimuksen my\u00f6t\u00e4 Oulun yliopiston silloinen rehtori siirtyi kev\u00e4\u00e4ll\u00e4 2025 UArcticin Executive Vice President -positioon Oulun yliopiston rahoittamana. Olen aiemmin ruotinut asiaa blogiartikkelissa <a href=\"https:\/\/www.silven.fi\/index.php\/2025\/03\/18\/university-of-arctic-oulu\/\">Arctic University of Oulu<\/a>, josta voi arvioida rahoituskuviotakin.<\/p>\n\n\n\n<p>Tuollaiseen sopimukseen liittyy toki toinenkin puoli. Nimitt\u00e4in UArctic ry:n s\u00e4\u00e4nn\u00f6iss\u00e4 edellytet\u00e4\u00e4n toimihenkil\u00f6ist\u00e4 teht\u00e4v\u00e4n p\u00e4\u00e4t\u00f6kset sen hallituksessa. PRH:lta lunastamani s\u00e4\u00e4nn\u00f6t ovat t\u00e4m\u00e4n blogiartikkelin lopussa ja t\u00e4ss\u00e4 alla ko. kohta:<\/p>\n\n\n\n<figure class=\"wp-block-image size-large\"><img loading=\"lazy\" decoding=\"async\" width=\"1024\" height=\"126\" src=\"https:\/\/www.silven.fi\/wp-content\/uploads\/2025\/11\/image-8-1024x126.png\" alt=\"\" class=\"wp-image-10306\" srcset=\"https:\/\/www.silven.fi\/wp-content\/uploads\/2025\/11\/image-8-1024x126.png 1024w, https:\/\/www.silven.fi\/wp-content\/uploads\/2025\/11\/image-8-300x37.png 300w, https:\/\/www.silven.fi\/wp-content\/uploads\/2025\/11\/image-8-768x95.png 768w, https:\/\/www.silven.fi\/wp-content\/uploads\/2025\/11\/image-8.png 1118w\" sizes=\"auto, (max-width: 1024px) 100vw, 1024px\" \/><\/figure>\n\n\n\n<p>Sopimuksen UArcticin puolesta allekirjoitti sen President. Arvelin UArcticin hallituksen Executive Vice President -p\u00e4\u00e4t\u00f6ksen sis\u00e4lt\u00e4v\u00e4n p\u00f6yt\u00e4kirjan varmistavan asian toisen puolen  &#8211; siis sopimusvaltuutuksen. Niinp\u00e4 19.3.2025 pyysin tuon asiakirjan UArcticin hallituksen sihteerilt\u00e4:<\/p>\n\n\n<div class=\"wp-block-image\">\n<figure class=\"aligncenter size-full is-resized\"><img loading=\"lazy\" decoding=\"async\" width=\"953\" height=\"539\" src=\"https:\/\/www.silven.fi\/wp-content\/uploads\/2025\/11\/image.png\" alt=\"\" class=\"wp-image-10297\" style=\"width:518px;height:auto\" srcset=\"https:\/\/www.silven.fi\/wp-content\/uploads\/2025\/11\/image.png 953w, https:\/\/www.silven.fi\/wp-content\/uploads\/2025\/11\/image-300x170.png 300w, https:\/\/www.silven.fi\/wp-content\/uploads\/2025\/11\/image-768x434.png 768w\" sizes=\"auto, (max-width: 953px) 100vw, 953px\" \/><\/figure>\n<\/div>\n\n\n<p>En saanut vastausta, joten p\u00e4\u00e4tin varmistaa kysym\u00e4ll\u00e4 UArcticin sihteerist\u00f6n s\u00e4hk\u00f6postiosoitteesta:<\/p>\n\n\n<div class=\"wp-block-image\">\n<figure class=\"aligncenter size-full is-resized\"><img loading=\"lazy\" decoding=\"async\" width=\"971\" height=\"596\" src=\"https:\/\/www.silven.fi\/wp-content\/uploads\/2025\/11\/image-1.png\" alt=\"\" class=\"wp-image-10298\" style=\"width:522px;height:auto\" srcset=\"https:\/\/www.silven.fi\/wp-content\/uploads\/2025\/11\/image-1.png 971w, https:\/\/www.silven.fi\/wp-content\/uploads\/2025\/11\/image-1-300x184.png 300w, https:\/\/www.silven.fi\/wp-content\/uploads\/2025\/11\/image-1-768x471.png 768w\" sizes=\"auto, (max-width: 971px) 100vw, 971px\" \/><\/figure>\n<\/div>\n\n\n<p>En viel\u00e4k\u00e4\u00e4n saanut vastausta, joten j\u00e4in pohtimaan, onko asiassa jotain ep\u00e4selvyytt\u00e4 &#8211; tai jopa kiusallisuutta.  Seuraavaksi l\u00e4hestyin suoraan Lapin yliopiston hallintojohtajaa ja rehtoria:<\/p>\n\n\n<div class=\"wp-block-image\">\n<figure class=\"aligncenter size-large is-resized\"><img loading=\"lazy\" decoding=\"async\" width=\"1024\" height=\"613\" src=\"https:\/\/www.silven.fi\/wp-content\/uploads\/2025\/11\/image-2-1024x613.png\" alt=\"\" class=\"wp-image-10299\" style=\"width:562px;height:auto\" srcset=\"https:\/\/www.silven.fi\/wp-content\/uploads\/2025\/11\/image-2-1024x613.png 1024w, https:\/\/www.silven.fi\/wp-content\/uploads\/2025\/11\/image-2-300x180.png 300w, https:\/\/www.silven.fi\/wp-content\/uploads\/2025\/11\/image-2-768x460.png 768w, https:\/\/www.silven.fi\/wp-content\/uploads\/2025\/11\/image-2.png 1183w\" sizes=\"auto, (max-width: 1024px) 100vw, 1024px\" \/><\/figure>\n<\/div>\n\n\n<p>T\u00e4ll\u00e4 kertaa onnistuin saamaan nopean vastauksen &#8221;Yhdistys vastaa itse sen hallussa oleviin tietoaineistoihin kohdistuvien tietopyynt\u00f6jen k\u00e4sittelyst\u00e4&#8221;:<\/p>\n\n\n<div class=\"wp-block-image\">\n<figure class=\"aligncenter size-full is-resized\"><img loading=\"lazy\" decoding=\"async\" width=\"949\" height=\"693\" src=\"https:\/\/www.silven.fi\/wp-content\/uploads\/2025\/11\/image-4.png\" alt=\"\" class=\"wp-image-10301\" style=\"width:583px;height:auto\" srcset=\"https:\/\/www.silven.fi\/wp-content\/uploads\/2025\/11\/image-4.png 949w, https:\/\/www.silven.fi\/wp-content\/uploads\/2025\/11\/image-4-300x219.png 300w, https:\/\/www.silven.fi\/wp-content\/uploads\/2025\/11\/image-4-768x561.png 768w\" sizes=\"auto, (max-width: 949px) 100vw, 949px\" \/><\/figure>\n<\/div>\n\n\n<p>T\u00e4llainen vastaus ei tietenk\u00e4\u00e4n tyydyt\u00e4 asiaa hiemankin penkaisevaa. Nimitt\u00e4in UArcticin osoite on Lapin yliopistoon, joka huolehtii sen tukitoiminnoista:<\/p>\n\n\n<div class=\"wp-block-image\">\n<figure class=\"aligncenter size-full is-resized\"><img loading=\"lazy\" decoding=\"async\" width=\"982\" height=\"265\" src=\"https:\/\/www.silven.fi\/wp-content\/uploads\/2025\/11\/image-7.png\" alt=\"\" class=\"wp-image-10305\" style=\"width:494px;height:auto\" srcset=\"https:\/\/www.silven.fi\/wp-content\/uploads\/2025\/11\/image-7.png 982w, https:\/\/www.silven.fi\/wp-content\/uploads\/2025\/11\/image-7-300x81.png 300w, https:\/\/www.silven.fi\/wp-content\/uploads\/2025\/11\/image-7-768x207.png 768w\" sizes=\"auto, (max-width: 982px) 100vw, 982px\" \/><\/figure>\n<\/div>\n\n\n<p>Kyseess\u00e4 on Lapin yliopiston oman ilmoituksen mukaan <a href=\"https:\/\/ulapland.fi\/yliopisto\/kansainvalisyys\/arktinen-yliopistoverkosto-uarctic\/\">strateginen kumppani<\/a>, jonka toiminta on yliopistolain mukaisessa linjassa yliopiston toimialan ja teht\u00e4vien kanssa:<\/p>\n\n\n<div class=\"wp-block-image\">\n<figure class=\"aligncenter size-full is-resized\"><img loading=\"lazy\" decoding=\"async\" width=\"976\" height=\"217\" src=\"https:\/\/www.silven.fi\/wp-content\/uploads\/2025\/11\/image-10.png\" alt=\"\" class=\"wp-image-10309\" style=\"width:516px;height:auto\" srcset=\"https:\/\/www.silven.fi\/wp-content\/uploads\/2025\/11\/image-10.png 976w, https:\/\/www.silven.fi\/wp-content\/uploads\/2025\/11\/image-10-300x67.png 300w, https:\/\/www.silven.fi\/wp-content\/uploads\/2025\/11\/image-10-768x171.png 768w\" sizes=\"auto, (max-width: 976px) 100vw, 976px\" \/><\/figure>\n<\/div>\n\n\n<p>UArcticin teht\u00e4v\u00e4n yhdenmukaisuudesta julkisoikeudellisen yliopiston kanssa ei j\u00e4\u00e4 ep\u00e4ilyst\u00e4. Julkisuuslain pit\u00e4isi ymm\u00e4rrykseni mukaan siksi koskea sit\u00e4kin. Jopa sen Executive Vice Presidentinkin tukiresursseineen ja toimitiloineen rahoittaa Oulun yliopisto. Lis\u00e4ksi<\/p>\n\n\n<div class=\"wp-block-image\">\n<figure class=\"aligncenter size-full is-resized\"><img loading=\"lazy\" decoding=\"async\" width=\"903\" height=\"44\" src=\"https:\/\/www.silven.fi\/wp-content\/uploads\/2025\/11\/image-6.png\" alt=\"\" class=\"wp-image-10304\" style=\"width:537px;height:auto\" srcset=\"https:\/\/www.silven.fi\/wp-content\/uploads\/2025\/11\/image-6.png 903w, https:\/\/www.silven.fi\/wp-content\/uploads\/2025\/11\/image-6-300x15.png 300w, https:\/\/www.silven.fi\/wp-content\/uploads\/2025\/11\/image-6-768x37.png 768w\" sizes=\"auto, (max-width: 903px) 100vw, 903px\" \/><\/figure>\n<\/div>\n\n\n<p>Ehk\u00e4 UArcticin puolella asiassa ei ole mit\u00e4\u00e4n ep\u00e4selvyytt\u00e4 tai ongelmaa. Mutta miksi helppoa p\u00f6yt\u00e4kirja-asiaa pallotellaan? Ainakin Oulun yliopistossa sopimuksen allekirjoittajilta on kiistatta puuttunut toimivalta. <\/p>\n\n\n\n<p>Pyysin 1.11.2025 j\u00e4lleen kerran kyseist\u00e4 UArcticin hallituksen p\u00f6yt\u00e4kirjaa Lapin yliopistolta ja UArcticin sihteerist\u00f6lt\u00e4. Kerta oli jo nelj\u00e4s. Nyt muistutin my\u00f6s asianmukaisesta valitusosoituksesta.<\/p>\n\n\n<div class=\"wp-block-image\">\n<figure class=\"aligncenter size-full\"><img loading=\"lazy\" decoding=\"async\" width=\"688\" height=\"863\" src=\"https:\/\/www.silven.fi\/wp-content\/uploads\/2025\/11\/image-11.png\" alt=\"\" class=\"wp-image-10332\" srcset=\"https:\/\/www.silven.fi\/wp-content\/uploads\/2025\/11\/image-11.png 688w, https:\/\/www.silven.fi\/wp-content\/uploads\/2025\/11\/image-11-239x300.png 239w\" sizes=\"auto, (max-width: 688px) 100vw, 688px\" \/><\/figure>\n<\/div>\n\n\n<p>T\u00e4m\u00e4n blogiartikkelin ilmestyess\u00e4 ainut Lapin yliopistolta saamani vastaus on kirjaamon automaattinen vastaanottoilmoitus. Palaan asiaan kun tapahtuu edistyst\u00e4, mit\u00e4 julkisuuslain perusteella odotan viikon kuluessa. <\/p>\n\n\n<div class=\"wp-block-image\">\n<figure class=\"aligncenter size-full is-resized\"><img loading=\"lazy\" decoding=\"async\" width=\"634\" height=\"303\" src=\"https:\/\/www.silven.fi\/wp-content\/uploads\/2025\/11\/image-23.png\" alt=\"\" class=\"wp-image-10452\" style=\"width:520px;height:auto\" srcset=\"https:\/\/www.silven.fi\/wp-content\/uploads\/2025\/11\/image-23.png 634w, https:\/\/www.silven.fi\/wp-content\/uploads\/2025\/11\/image-23-300x143.png 300w\" sizes=\"auto, (max-width: 634px) 100vw, 634px\" \/><\/figure>\n<\/div>\n\n\n<hr class=\"wp-block-separator has-alpha-channel-opacity\"\/>\n\n\n\n<p>UArctic ry:n voimassaolevat s\u00e4\u00e4nn\u00f6t:<\/p>\n\n\n\n<div data-wp-interactive=\"core\/file\" class=\"wp-block-file\"><object data-wp-bind--hidden=\"!state.hasPdfPreview\" hidden class=\"wp-block-file__embed\" data=\"https:\/\/www.silven.fi\/wp-content\/uploads\/2025\/05\/UArctic-ry-saannot.pdf\" type=\"application\/pdf\" style=\"width:100%;height:600px\" aria-label=\"Tiedoston UArctic ry s\u00e4\u00e4nn\u00f6t upotus.\"><\/object><a id=\"wp-block-file--media-9433bddd-4b5b-457a-ab22-4a16d8093121\" href=\"https:\/\/www.silven.fi\/wp-content\/uploads\/2025\/05\/UArctic-ry-saannot.pdf\">UArctic ry s\u00e4\u00e4nn\u00f6t<\/a><a href=\"https:\/\/www.silven.fi\/wp-content\/uploads\/2025\/05\/UArctic-ry-saannot.pdf\" class=\"wp-block-file__button wp-element-button\" download aria-describedby=\"wp-block-file--media-9433bddd-4b5b-457a-ab22-4a16d8093121\">Lataa<\/a><\/div>\n\n\n\n<hr class=\"wp-block-separator has-alpha-channel-opacity\"\/>\n\n\n\n<p>Alla on Lapin yliopiston UArctic-nettisivun tallenne, joka osoittaa sen roolit tutkimuksessa ja koulutuksessa yhdenmukaisiksi:<\/p>\n\n\n\n<div data-wp-interactive=\"core\/file\" class=\"wp-block-file\"><object data-wp-bind--hidden=\"!state.hasPdfPreview\" hidden class=\"wp-block-file__embed\" data=\"https:\/\/www.silven.fi\/wp-content\/uploads\/2025\/11\/Arktinen-yliopistoverkosto-UArctic-Lapin-yliopisto.pdf\" type=\"application\/pdf\" style=\"width:100%;height:600px\" aria-label=\"Tiedoston Arktinen yliopistoverkosto UArctic - Lapin yliopisto upotus.\"><\/object><a id=\"wp-block-file--media-a4b5594c-c903-448a-90d1-625c98978c0a\" href=\"https:\/\/www.silven.fi\/wp-content\/uploads\/2025\/11\/Arktinen-yliopistoverkosto-UArctic-Lapin-yliopisto.pdf\">Arktinen yliopistoverkosto UArctic &#8211; Lapin yliopisto<\/a><a href=\"https:\/\/www.silven.fi\/wp-content\/uploads\/2025\/11\/Arktinen-yliopistoverkosto-UArctic-Lapin-yliopisto.pdf\" class=\"wp-block-file__button wp-element-button\" download aria-describedby=\"wp-block-file--media-a4b5594c-c903-448a-90d1-625c98978c0a\">Lataa<\/a><\/div>\n\n\n\n<p>UArctic verkosto: <a href=\"https:\/\/research.ulapland.fi\/fi\/organisations\/uarctic-verkosto\/network\/\">https:\/\/research.ulapland.fi\/fi\/organisations\/uarctic-verkosto\/network\/<\/a><\/p>\n\n\n<div class=\"wp-block-image\">\n<figure class=\"aligncenter size-full\"><img loading=\"lazy\" decoding=\"async\" width=\"904\" height=\"739\" src=\"https:\/\/www.silven.fi\/wp-content\/uploads\/2025\/11\/image-24.png\" alt=\"\" class=\"wp-image-10459\" srcset=\"https:\/\/www.silven.fi\/wp-content\/uploads\/2025\/11\/image-24.png 904w, https:\/\/www.silven.fi\/wp-content\/uploads\/2025\/11\/image-24-300x245.png 300w, https:\/\/www.silven.fi\/wp-content\/uploads\/2025\/11\/image-24-768x628.png 768w\" sizes=\"auto, (max-width: 904px) 100vw, 904px\" \/><\/figure>\n<\/div>","protected":false},"excerpt":{"rendered":"<p>Oulun yliopiston hallituksen puheenjohtajisto allekirjoitti joulukuussa 2024 sopimuksen ilman hallituksen antamaa valtuutusta. Tuon sopimuksen my\u00f6t\u00e4 Oulun yliopiston silloinen rehtori siirtyi kev\u00e4\u00e4ll\u00e4 2025 UArcticin Executive Vice President -positioon Oulun yliopiston rahoittamana. Olen aiemmin ruotinut asiaa blogiartikkelissa Arctic University of Oulu, josta voi arvioida rahoituskuviotakin. Tuollaiseen sopimukseen liittyy toki toinenkin puoli. Nimitt\u00e4in UArctic ry:n s\u00e4\u00e4nn\u00f6iss\u00e4 edellytet\u00e4\u00e4n toimihenkil\u00f6ist\u00e4&hellip; <a class=\"more-link\" href=\"https:\/\/www.silven.fi\/index.php\/2025\/11\/11\/neljas-yritys\/\">Jatka lukemista <span class=\"screen-reader-text\">Nelj\u00e4s yritys<\/span><\/a><\/p>\n","protected":false},"author":1,"featured_media":0,"comment_status":"open","ping_status":"closed","sticky":false,"template":"","format":"standard","meta":{"footnotes":""},"categories":[1],"tags":[],"class_list":["post-10296","post","type-post","status-publish","format-standard","hentry","category-uncategorized","entry"],"_links":{"self":[{"href":"https:\/\/www.silven.fi\/index.php\/wp-json\/wp\/v2\/posts\/10296","targetHints":{"allow":["GET"]}}],"collection":[{"href":"https:\/\/www.silven.fi\/index.php\/wp-json\/wp\/v2\/posts"}],"about":[{"href":"https:\/\/www.silven.fi\/index.php\/wp-json\/wp\/v2\/types\/post"}],"author":[{"embeddable":true,"href":"https:\/\/www.silven.fi\/index.php\/wp-json\/wp\/v2\/users\/1"}],"replies":[{"embeddable":true,"href":"https:\/\/www.silven.fi\/index.php\/wp-json\/wp\/v2\/comments?post=10296"}],"version-history":[{"count":41,"href":"https:\/\/www.silven.fi\/index.php\/wp-json\/wp\/v2\/posts\/10296\/revisions"}],"predecessor-version":[{"id":10466,"href":"https:\/\/www.silven.fi\/index.php\/wp-json\/wp\/v2\/posts\/10296\/revisions\/10466"}],"wp:attachment":[{"href":"https:\/\/www.silven.fi\/index.php\/wp-json\/wp\/v2\/media?parent=10296"}],"wp:term":[{"taxonomy":"category","embeddable":true,"href":"https:\/\/www.silven.fi\/index.php\/wp-json\/wp\/v2\/categories?post=10296"},{"taxonomy":"post_tag","embeddable":true,"href":"https:\/\/www.silven.fi\/index.php\/wp-json\/wp\/v2\/tags?post=10296"}],"curies":[{"name":"wp","href":"https:\/\/api.w.org\/{rel}","templated":true}]}}