{"id":11797,"date":"2026-04-28T07:00:00","date_gmt":"2026-04-28T04:00:00","guid":{"rendered":"https:\/\/www.silven.fi\/?p=11797"},"modified":"2026-04-27T21:10:00","modified_gmt":"2026-04-27T18:10:00","slug":"arktinen-nakokulma","status":"publish","type":"post","link":"https:\/\/www.silven.fi\/index.php\/2026\/04\/28\/arktinen-nakokulma\/","title":{"rendered":"Arktinen n\u00e4k\u00f6kulma"},"content":{"rendered":"\n<p>Tutkimusvararehtori julkaisi 9.4.2026 yliopiston virallisella blogipalstalla artikkelin &#8221;<a href=\"https:\/\/www.oulu.fi\/fi\/blogit\/rehtorien-blogi\/arktinen-nakokulma-oulun-yliopiston-toiminnan-ytimessa\">Arktinen n\u00e4k\u00f6kulma on Oulun yliopiston toiminnan ytimess\u00e4<\/a>&#8221;<\/p>\n\n\n\n<figure class=\"wp-block-image size-full is-resized\"><img loading=\"lazy\" decoding=\"async\" width=\"870\" height=\"159\" src=\"https:\/\/www.silven.fi\/wp-content\/uploads\/2026\/04\/image-16.png\" alt=\"\" class=\"wp-image-11798\" style=\"aspect-ratio:5.472385758340342;width:312px;height:auto\" srcset=\"https:\/\/www.silven.fi\/wp-content\/uploads\/2026\/04\/image-16.png 870w, https:\/\/www.silven.fi\/wp-content\/uploads\/2026\/04\/image-16-300x55.png 300w, https:\/\/www.silven.fi\/wp-content\/uploads\/2026\/04\/image-16-768x140.png 768w\" sizes=\"auto, (max-width: 870px) 100vw, 870px\" \/><\/figure>\n\n\n\n<p>Tuo pitk\u00e4 artikkeli luettelee n\u00e4enn\u00e4isen kattavasti yliopiston arktisuuteen liittyv\u00e4t hankkeet ja yhteisty\u00f6kumppanit. Nimitt\u00e4in <a href=\"https:\/\/www.uarctic.org\/\">UArctic &#8211; University of Arctic<\/a>  j\u00e4\u00e4 siin\u00e4 kokonaan mainitsematta, vaikka sen kanssa on sopimus: Oulun yliopiston edellinen rehtori on nykyisin UArcticin <a href=\"https:\/\/www.uarctic.org\/news\/2024\/12\/uarctic-announces-upcoming-executive-vice-president\/\">Executive Vice-President (EVP)<\/a> ja Oulun yliopisto maksaa palkan, toimiston ja tarvitut tukitoimet t\u00e4ysim\u00e4\u00e4r\u00e4isesti.<\/p>\n\n\n\n<p>Olen tarkastellut UArctic -sopimuskuviota aiemmin blogiartikkeleissa <a href=\"https:\/\/www.silven.fi\/index.php\/2025\/03\/18\/university-of-arctic-oulu\/\">Arctic University of Oulu18.3.2025<\/a> ja <a href=\"https:\/\/www.silven.fi\/index.php\/2025\/04\/01\/hieno-neuvottelutulos\/\">Hieno neuvottelutulos 1.4.2025<\/a>. Edellisess\u00e4 osoitetaan Oulun yliopiston puolesta sopimuksen 17.12.2024 allekirjoittaneilta kiistatta puuttuneen toimivalta (sopimus on kokonaisuutenaan kyseisess\u00e4 blogiartikkelissa). J\u00e4lkimm\u00e4isess\u00e4 artikkelissa pohditaan, oliko viime hetkell\u00e4 runsasta viikkoa ennen tulosneuvotteluja opetus- ja kulttuuriministeri\u00f6lle (OKM) esitetty strateginen er\u00e4 tarkoitettu tarkoitettu UArcticin EVP:n rahoittamiseen? Er\u00e4\u00e4 on nimitt\u00e4in perusteltu n\u00e4in:<\/p>\n\n\n\n<figure class=\"wp-block-image size-full is-resized\"><img loading=\"lazy\" decoding=\"async\" width=\"711\" height=\"151\" src=\"https:\/\/www.silven.fi\/wp-content\/uploads\/2026\/04\/image-17.png\" alt=\"\" class=\"wp-image-11801\" style=\"aspect-ratio:4.7092882991556095;width:545px;height:auto\" srcset=\"https:\/\/www.silven.fi\/wp-content\/uploads\/2026\/04\/image-17.png 711w, https:\/\/www.silven.fi\/wp-content\/uploads\/2026\/04\/image-17-300x64.png 300w\" sizes=\"auto, (max-width: 711px) 100vw, 711px\" \/><\/figure>\n\n\n\n<p>Kyse on siis Oulun yliopiston strategisesta toimenpideohjelmasta. Normaalisti yliopiston hallitus seuraa tuollaisten toimien edistymist\u00e4. Seuraako se t\u00e4t\u00e4 kuviota? En ehk\u00e4 kykenem\u00e4tt\u00f6myydess\u00e4ni ole l\u00f6yt\u00e4nyt tuosta n\u00e4ytt\u00f6\u00e4 hallituksen 2025 ja 2026 p\u00f6yt\u00e4kirjoista..<\/p>\n\n\n\n<p>Tutkimusvararehtorin blogissa ei sanallakaan mainita transatlanttisuutta, Amerikkaa, eik\u00e4 mink\u00e4\u00e4nlaista ydintoimijuutta. Jos strateginen rahoitus on tuollaiseen tarkoitukseen my\u00f6nnetty, niin se olisi sellaiseen my\u00f6s k\u00e4ytett\u00e4v\u00e4. Muutoin OKM:lta voinee odottaa arktista asennetta.<\/p>\n\n\n\n<hr class=\"wp-block-separator has-alpha-channel-opacity\"\/>\n\n\n\n<div data-wp-interactive=\"core\/file\" class=\"wp-block-file\"><object data-wp-bind--hidden=\"!state.hasPdfPreview\" hidden class=\"wp-block-file__embed\" data=\"https:\/\/www.silven.fi\/wp-content\/uploads\/2025\/03\/OY_strategiarahoitus_Arktinen_tutkimus_ja_tutkimusyhteistyo.pdf\" type=\"application\/pdf\" style=\"width:100%;height:600px\" aria-label=\"Tiedoston OY_strategiarahoitus_Arktinen_tutkimus_ja_tutkimusyhteistyo\u0308 upotus.\"><\/object><a id=\"wp-block-file--media-c4fe35e3-59a1-400e-a789-e3d35ad3420e\" href=\"https:\/\/www.silven.fi\/wp-content\/uploads\/2025\/03\/OY_strategiarahoitus_Arktinen_tutkimus_ja_tutkimusyhteistyo.pdf\">OY_strategiarahoitus_Arktinen_tutkimus_ja_tutkimusyhteistyo\u0308<\/a><a href=\"https:\/\/www.silven.fi\/wp-content\/uploads\/2025\/03\/OY_strategiarahoitus_Arktinen_tutkimus_ja_tutkimusyhteistyo.pdf\" class=\"wp-block-file__button wp-element-button\" download aria-describedby=\"wp-block-file--media-c4fe35e3-59a1-400e-a789-e3d35ad3420e\">Lataa<\/a><\/div>\n","protected":false},"excerpt":{"rendered":"<p>Tutkimusvararehtori julkaisi 9.4.2026 yliopiston virallisella blogipalstalla artikkelin &#8221;Arktinen n\u00e4k\u00f6kulma on Oulun yliopiston toiminnan ytimess\u00e4&#8221; Tuo pitk\u00e4 artikkeli luettelee n\u00e4enn\u00e4isen kattavasti yliopiston arktisuuteen liittyv\u00e4t hankkeet ja yhteisty\u00f6kumppanit. Nimitt\u00e4in UArctic &#8211; University of Arctic j\u00e4\u00e4 siin\u00e4 kokonaan mainitsematta, vaikka sen kanssa on sopimus: Oulun yliopiston edellinen rehtori on nykyisin UArcticin Executive Vice-President (EVP) ja Oulun yliopisto maksaa&hellip; <a class=\"more-link\" href=\"https:\/\/www.silven.fi\/index.php\/2026\/04\/28\/arktinen-nakokulma\/\">Jatka lukemista <span class=\"screen-reader-text\">Arktinen n\u00e4k\u00f6kulma<\/span><\/a><\/p>\n","protected":false},"author":1,"featured_media":0,"comment_status":"open","ping_status":"closed","sticky":false,"template":"","format":"standard","meta":{"footnotes":""},"categories":[1],"tags":[],"class_list":["post-11797","post","type-post","status-publish","format-standard","hentry","category-uncategorized","entry"],"_links":{"self":[{"href":"https:\/\/www.silven.fi\/index.php\/wp-json\/wp\/v2\/posts\/11797","targetHints":{"allow":["GET"]}}],"collection":[{"href":"https:\/\/www.silven.fi\/index.php\/wp-json\/wp\/v2\/posts"}],"about":[{"href":"https:\/\/www.silven.fi\/index.php\/wp-json\/wp\/v2\/types\/post"}],"author":[{"embeddable":true,"href":"https:\/\/www.silven.fi\/index.php\/wp-json\/wp\/v2\/users\/1"}],"replies":[{"embeddable":true,"href":"https:\/\/www.silven.fi\/index.php\/wp-json\/wp\/v2\/comments?post=11797"}],"version-history":[{"count":18,"href":"https:\/\/www.silven.fi\/index.php\/wp-json\/wp\/v2\/posts\/11797\/revisions"}],"predecessor-version":[{"id":11824,"href":"https:\/\/www.silven.fi\/index.php\/wp-json\/wp\/v2\/posts\/11797\/revisions\/11824"}],"wp:attachment":[{"href":"https:\/\/www.silven.fi\/index.php\/wp-json\/wp\/v2\/media?parent=11797"}],"wp:term":[{"taxonomy":"category","embeddable":true,"href":"https:\/\/www.silven.fi\/index.php\/wp-json\/wp\/v2\/categories?post=11797"},{"taxonomy":"post_tag","embeddable":true,"href":"https:\/\/www.silven.fi\/index.php\/wp-json\/wp\/v2\/tags?post=11797"}],"curies":[{"name":"wp","href":"https:\/\/api.w.org\/{rel}","templated":true}]}}