{"id":1187,"date":"2021-12-20T08:09:00","date_gmt":"2021-12-20T06:09:00","guid":{"rendered":"https:\/\/www.silven.fi\/?p=1187"},"modified":"2022-07-13T10:19:00","modified_gmt":"2022-07-13T07:19:00","slug":"mita-hankesuunnitelmasta-puuttuu","status":"publish","type":"post","link":"https:\/\/www.silven.fi\/index.php\/2021\/12\/20\/mita-hankesuunnitelmasta-puuttuu\/","title":{"rendered":"Mit\u00e4 hankesuunnitelmasta puuttuu?"},"content":{"rendered":"\n<p>Torstaina 16.12.2021 Oulun yliopiston hallitus hyv\u00e4ksyi \u00e4\u00e4nin 7-5 Raksilaan suunnitellun rakennuksen konsulttien laatiman <a href=\"https:\/\/unioulu.sharepoint.com\/sites\/Liitetiedostot-Attachments\/Shared%20Documents\/Forms\/AllItems.aspx?id=%2Fsites%2FLiitetiedostot%2DAttachments%2FShared%20Documents%2FYliopisto%5Fyhteiset%2Fkeskustakampus%2FHankesuunnitelmaOulunYliopistonKeskustakampus%2Epdf&amp;parent=%2Fsites%2FLiitetiedostot%2DAttachments%2FShared%20Documents%2FYliopisto%5Fyhteiset%2Fkeskustakampus&amp;p=true&amp;ga=1\">hankesuunnitelman.<\/a> Hallituksen enemmist\u00f6n n\u00e4k\u00f6kulmasta koko hanke n\u00e4ytt\u00e4\u00e4 siten olevan pelkk\u00e4 <em>rakennus<\/em>hanke.<\/p>\n\n\n\n<p>Valitettavasti olennaisin puuttuu: mitk\u00e4 ovat hankkeen vaikutukset yliopistoyhteis\u00f6\u00f6mme? <a href=\"https:\/\/www.silven.fi\/index.php\/2021\/12\/15\/kampusbarometriikkaa\/\">Niit\u00e4 ei johtomme n\u00e4yt\u00e4 pohtineen, toisin kuin yhteis\u00f6mme j\u00e4senet<\/a>. <\/p>\n\n\n\n<p>Miksi yliopistoyhteis\u00f6 halutaan hajottaa? Miksi tieto- ja s\u00e4hk\u00f6tekniikan tiedekunta (TSTK) halutaan siirt\u00e4\u00e4 pois Linnanmaalta? Miksi julkisesti v\u00e4l\u00e4ytetyiss\u00e4 kustannusetuv\u00e4itt\u00e4miss\u00e4 ei esimerkiksi pohdita edes ao. tiedekunnan mahdollisen Radiopuistoon sijoittumisen vaikutusta tilakustannuksiin? Neh\u00e4n voivat olla hyvinkin suuret.  Oulun ICT-klusterille aiheutetaan vahinkoa.  Miksi?<\/p>\n\n\n\n<p>T\u00e4ss\u00e4 mieless\u00e4 kiintoisaa on <a href=\"https:\/\/issuu.com\/oulunkauppakamari\/docs\/oulun_kauppakamarilehti_1_2017_low\/1\">Kauppakamarilehden<\/a> 1\/2017 artikkelin Oulun ammattikorkeakoulun (OAMK) muuttoa k\u00e4sittelev\u00e4 sis\u00e4lt\u00f6 (ks. sivut 28-29). Artikkelin ns. kissankokoinen otsikointi on seuraava:<\/p>\n\n\n\n<figure class=\"wp-block-image size-large is-resized\"><img loading=\"lazy\" decoding=\"async\" src=\"https:\/\/www.silven.fi\/wp-content\/uploads\/2021\/12\/Kauppakamarilehti1_2017-1024x394.png\" alt=\"\" class=\"wp-image-1188\" width=\"428\" height=\"164\" srcset=\"https:\/\/www.silven.fi\/wp-content\/uploads\/2021\/12\/Kauppakamarilehti1_2017-1024x394.png 1024w, https:\/\/www.silven.fi\/wp-content\/uploads\/2021\/12\/Kauppakamarilehti1_2017-300x115.png 300w, https:\/\/www.silven.fi\/wp-content\/uploads\/2021\/12\/Kauppakamarilehti1_2017-768x295.png 768w, https:\/\/www.silven.fi\/wp-content\/uploads\/2021\/12\/Kauppakamarilehti1_2017.png 1111w\" sizes=\"auto, (max-width: 428px) 100vw, 428px\" \/><\/figure>\n\n\n\n<p>Tuolloin viel\u00e4 n\u00e4htiin yhteis\u00f6llisyyden tukemisen edut.  Huomionarvoista on, ett\u00e4 Oulun yliopiston rehtorikin ne n\u00e4ki. Nimitt\u00e4in h\u00e4n kertoi  Linnanmaan yhteis\u00f6llisyysannista seuraavaa:<\/p>\n\n\n\n<figure class=\"wp-block-image size-full is-resized\"><img loading=\"lazy\" decoding=\"async\" src=\"https:\/\/www.silven.fi\/wp-content\/uploads\/2021\/12\/kkab.png\" alt=\"\" class=\"wp-image-1189\" width=\"302\" height=\"248\" srcset=\"https:\/\/www.silven.fi\/wp-content\/uploads\/2021\/12\/kkab.png 424w, https:\/\/www.silven.fi\/wp-content\/uploads\/2021\/12\/kkab-300x247.png 300w\" sizes=\"auto, (max-width: 302px) 100vw, 302px\" \/><\/figure>\n\n\n\n<p>Nyt suunniteltua Linnanmaan yliopistoyhteis\u00f6n hajottamista vasten vuonna 2017 rehtorimme arvioi toimipisteiden et\u00e4isyydenkin merkityksen olennaisesti toisin:<\/p>\n\n\n\n<figure class=\"wp-block-image size-full is-resized\"><img loading=\"lazy\" decoding=\"async\" src=\"https:\/\/www.silven.fi\/wp-content\/uploads\/2021\/12\/kkc.png\" alt=\"\" class=\"wp-image-1190\" width=\"433\" height=\"217\" srcset=\"https:\/\/www.silven.fi\/wp-content\/uploads\/2021\/12\/kkc.png 541w, https:\/\/www.silven.fi\/wp-content\/uploads\/2021\/12\/kkc-300x150.png 300w\" sizes=\"auto, (max-width: 433px) 100vw, 433px\" \/><\/figure>\n\n\n\n<p>T\u00e4llainen uutisointi ei voi olla yhden median v\u00e4\u00e4rink\u00e4siytys, sill\u00e4 esimerkiksi <a href=\"https:\/\/yle.fi\/uutiset\/3-9365563\">3.1.2017 YLE uutisoi<\/a> OAMK:n muutosta, mainiten mm. Lappeenrannassa suunnitellun korkeakoulukonsortion:<\/p>\n\n\n\n<figure class=\"wp-block-image size-full is-resized\"><img loading=\"lazy\" decoding=\"async\" src=\"https:\/\/www.silven.fi\/wp-content\/uploads\/2021\/12\/Yle03012017.png\" alt=\"\" class=\"wp-image-1197\" width=\"545\" height=\"92\" srcset=\"https:\/\/www.silven.fi\/wp-content\/uploads\/2021\/12\/Yle03012017.png 972w, https:\/\/www.silven.fi\/wp-content\/uploads\/2021\/12\/Yle03012017-300x51.png 300w, https:\/\/www.silven.fi\/wp-content\/uploads\/2021\/12\/Yle03012017-768x130.png 768w\" sizes=\"auto, (max-width: 545px) 100vw, 545px\" \/><\/figure>\n\n\n\n<p>Mutta <a href=\"https:\/\/okm.fi\/documents\/1410845\/9263137\/Oulun+yliopisto,+sopimustavoitteiden+2017-2020+toteutuminen+2018.pdf\/9f82c4ef-6557-48a7-a4bb-47eae0cd5a64\/Oulun+yliopisto,+sopimustavoitteiden+2017-2020+toteutuminen+2018.pdf\">tulosraportoinnissaan 2018<\/a> Oulun yliopisto ilmoitti opetus- ja kulttuuriministeri\u00f6lle seuraavaa:<\/p>\n\n\n\n<figure class=\"wp-block-image size-full\"><img loading=\"lazy\" decoding=\"async\" width=\"802\" height=\"112\" src=\"https:\/\/www.silven.fi\/wp-content\/uploads\/2021\/12\/tulosneuvottelu2017.png\" alt=\"\" class=\"wp-image-1199\" srcset=\"https:\/\/www.silven.fi\/wp-content\/uploads\/2021\/12\/tulosneuvottelu2017.png 802w, https:\/\/www.silven.fi\/wp-content\/uploads\/2021\/12\/tulosneuvottelu2017-300x42.png 300w, https:\/\/www.silven.fi\/wp-content\/uploads\/2021\/12\/tulosneuvottelu2017-768x107.png 768w\" sizes=\"auto, (max-width: 802px) 100vw, 802px\" \/><\/figure>\n\n\n\n<p>Nyt Oulun yliopisto omistaa OAMK:n osake-enemmist\u00f6n, joten konserni on t\u00e4\u00e4ll\u00e4kin todellisuutta. Samalla aiempikin yhteisty\u00f6 ammattikorkeakoulun kanssa n\u00e4ytt\u00e4\u00e4 <a href=\"https:\/\/www.silven.fi\/index.php\/2021\/12\/14\/okm-tulossopimus\/\">viimeaikaisistakin virallisista sitovista lupauksista huolimatta<\/a> valitettavasti kuihtuneen pelk\u00e4ksi tilakustannusten jakamiseksi.<\/p>\n\n\n\n<p>On kovin ik\u00e4v\u00e4\u00e4, ett\u00e4 yhteis\u00f6llinen johtaminen vaatii kovin toisenlaista osaamista kuin rakennushankkeiden suunnittelu konsulttivoimin. Tuota j\u00e4lkimm\u00e4ist\u00e4 voi ostaa ja kehitt\u00e4\u00e4 rahalla.<\/p>\n\n\n\n<p><a href=\"https:\/\/www.kauppalehti.fi\/uutiset\/yliopiston-muutto-mullistamassa-oulun-keskustan-rehtori-niinimaki-on-menettanyt-suhteellisuudentajunsa\/2b0acd1c-39e4-4e32-a18c-6c5be118966c\">Kauppalehti uutisoi 17.12.2021 <\/a>otsikolla:<\/p>\n\n\n\n<figure class=\"wp-block-image size-full is-resized\"><img loading=\"lazy\" decoding=\"async\" src=\"https:\/\/www.silven.fi\/wp-content\/uploads\/2021\/12\/Kauppalehti17122021.png\" alt=\"\" class=\"wp-image-1205\" width=\"415\" height=\"65\" srcset=\"https:\/\/www.silven.fi\/wp-content\/uploads\/2021\/12\/Kauppalehti17122021.png 993w, https:\/\/www.silven.fi\/wp-content\/uploads\/2021\/12\/Kauppalehti17122021-300x47.png 300w, https:\/\/www.silven.fi\/wp-content\/uploads\/2021\/12\/Kauppalehti17122021-768x121.png 768w\" sizes=\"auto, (max-width: 415px) 100vw, 415px\" \/><\/figure>\n\n\n\n<p>Odotankin nyt Kauppakamarilehden palaavan 1\/2017 nostamaansa aiheeseen retrospektiivisella syv\u00e4luotaavalla reportaasilla.<\/p>\n","protected":false},"excerpt":{"rendered":"<p>Torstaina 16.12.2021 Oulun yliopiston hallitus hyv\u00e4ksyi \u00e4\u00e4nin 7-5 Raksilaan suunnitellun rakennuksen konsulttien laatiman hankesuunnitelman. Hallituksen enemmist\u00f6n n\u00e4k\u00f6kulmasta koko hanke n\u00e4ytt\u00e4\u00e4 siten olevan pelkk\u00e4 rakennushanke. Valitettavasti olennaisin puuttuu: mitk\u00e4 ovat hankkeen vaikutukset yliopistoyhteis\u00f6\u00f6mme? Niit\u00e4 ei johtomme n\u00e4yt\u00e4 pohtineen, toisin kuin yhteis\u00f6mme j\u00e4senet. Miksi yliopistoyhteis\u00f6 halutaan hajottaa? Miksi tieto- ja s\u00e4hk\u00f6tekniikan tiedekunta (TSTK) halutaan siirt\u00e4\u00e4 pois Linnanmaalta?&hellip; <a class=\"more-link\" href=\"https:\/\/www.silven.fi\/index.php\/2021\/12\/20\/mita-hankesuunnitelmasta-puuttuu\/\">Jatka lukemista <span class=\"screen-reader-text\">Mit\u00e4 hankesuunnitelmasta puuttuu?<\/span><\/a><\/p>\n","protected":false},"author":1,"featured_media":0,"comment_status":"open","ping_status":"open","sticky":false,"template":"","format":"standard","meta":{"footnotes":""},"categories":[1],"tags":[],"class_list":["post-1187","post","type-post","status-publish","format-standard","hentry","category-uncategorized","entry"],"_links":{"self":[{"href":"https:\/\/www.silven.fi\/index.php\/wp-json\/wp\/v2\/posts\/1187","targetHints":{"allow":["GET"]}}],"collection":[{"href":"https:\/\/www.silven.fi\/index.php\/wp-json\/wp\/v2\/posts"}],"about":[{"href":"https:\/\/www.silven.fi\/index.php\/wp-json\/wp\/v2\/types\/post"}],"author":[{"embeddable":true,"href":"https:\/\/www.silven.fi\/index.php\/wp-json\/wp\/v2\/users\/1"}],"replies":[{"embeddable":true,"href":"https:\/\/www.silven.fi\/index.php\/wp-json\/wp\/v2\/comments?post=1187"}],"version-history":[{"count":14,"href":"https:\/\/www.silven.fi\/index.php\/wp-json\/wp\/v2\/posts\/1187\/revisions"}],"predecessor-version":[{"id":2666,"href":"https:\/\/www.silven.fi\/index.php\/wp-json\/wp\/v2\/posts\/1187\/revisions\/2666"}],"wp:attachment":[{"href":"https:\/\/www.silven.fi\/index.php\/wp-json\/wp\/v2\/media?parent=1187"}],"wp:term":[{"taxonomy":"category","embeddable":true,"href":"https:\/\/www.silven.fi\/index.php\/wp-json\/wp\/v2\/categories?post=1187"},{"taxonomy":"post_tag","embeddable":true,"href":"https:\/\/www.silven.fi\/index.php\/wp-json\/wp\/v2\/tags?post=1187"}],"curies":[{"name":"wp","href":"https:\/\/api.w.org\/{rel}","templated":true}]}}