{"id":1552,"date":"2022-02-10T07:23:07","date_gmt":"2022-02-10T05:23:07","guid":{"rendered":"https:\/\/www.silven.fi\/?p=1552"},"modified":"2022-02-10T07:23:07","modified_gmt":"2022-02-10T05:23:07","slug":"puhetta-nuorten-paiden-yli","status":"publish","type":"post","link":"https:\/\/www.silven.fi\/index.php\/2022\/02\/10\/puhetta-nuorten-paiden-yli\/","title":{"rendered":"Puhetta nuorten p\u00e4iden yli"},"content":{"rendered":"\n<p><a href=\"https:\/\/blanko.fi\/kilta\/\">Blanko-kilta<\/a> julkaisi jokin aika sitten <a href=\"https:\/\/blanko.fi\/2022\/02\/01\/kannanotto-blanko-ry-vastustaa-keskustakampusta\/\">tieto- ja s\u00e4hk\u00f6tekniikan tiedekunnan opiskelijoiden kampuskyselyn tulokset<\/a>. Ne kertovat karulla tavalla tiedekunnan opiskelijoiden tuntemukset yliopistomme johdon harjoittamasta n\u00e4enn\u00e4isosallistamisesta:<\/p>\n\n\n\n<figure class=\"wp-block-image size-full is-resized\"><img loading=\"lazy\" decoding=\"async\" src=\"https:\/\/www.silven.fi\/wp-content\/uploads\/2022\/02\/Blanko_vaikutus.png\" alt=\"\" class=\"wp-image-1519\" width=\"452\" height=\"403\" srcset=\"https:\/\/www.silven.fi\/wp-content\/uploads\/2022\/02\/Blanko_vaikutus.png 717w, https:\/\/www.silven.fi\/wp-content\/uploads\/2022\/02\/Blanko_vaikutus-300x268.png 300w\" sizes=\"auto, (max-width: 452px) 100vw, 452px\" \/><figcaption>Blanko-killan kyselytuloksia<\/figcaption><\/figure>\n\n\n\n<p>Olen jo julkaissut osan tuon kyselyn tuloksista jo aiemmin, todeten ICT-alan opiskelijoiden selke\u00e4sti arvostavan monitieteista yliopistoyhteis\u00f6\u00e4. He puolustavat vahvasti mm. yliopiston kirjaston vapaakappaleoikeutta, joka on t\u00e4rke\u00e4 humanisteillemme.<\/p>\n\n\n\n<p>Jo marraskuussa 2021 <a href=\"https:\/\/oulunhumanistinenkilta.wordpress.com\/\">Oulun humanistinen kilta toteutti v\u00e4elleen oman kyselyns\u00e4<\/a>. Sen 3.12.2021 julkaistut <a href=\"https:\/\/oulunhumanistinenkilta.files.wordpress.com\/2021\/12\/liite-2-keskustakampuskyselyn_tulokset_diagrammeina.pdf\">tiivistetyt tulokset ovat tarjolla<\/a> helposti oivallettavassa graafisessa muodossa. Niinp\u00e4 tarjoan niist\u00e4 t\u00e4ss\u00e4 ainoastaan seuraavan:<\/p>\n\n\n\n<figure class=\"wp-block-image size-full is-resized\"><img loading=\"lazy\" decoding=\"async\" src=\"https:\/\/www.silven.fi\/wp-content\/uploads\/2022\/02\/Humanistikilta.png\" alt=\"\" class=\"wp-image-1543\" width=\"440\" height=\"369\" srcset=\"https:\/\/www.silven.fi\/wp-content\/uploads\/2022\/02\/Humanistikilta.png 862w, https:\/\/www.silven.fi\/wp-content\/uploads\/2022\/02\/Humanistikilta-300x252.png 300w, https:\/\/www.silven.fi\/wp-content\/uploads\/2022\/02\/Humanistikilta-768x644.png 768w\" sizes=\"auto, (max-width: 440px) 100vw, 440px\" \/><figcaption>Oulun yliopiston humanistien ainej\u00e4rjest\u00f6jen kyselyn tuloksista<\/figcaption><\/figure>\n\n\n\n<p>Tammikuun loppupuolella tehty<a href=\"https:\/\/1drv.ms\/b\/s!Aj4vSkgQJ7-AkNUQnDlhqPRqtDSlVg?e=7dAnAH\"> luonnontieteellisen tiedekunnan opiskelijaj\u00e4rjest\u00f6jen kyselyn tulos<\/a> puhuu samaa kielt\u00e4. Kiintoisasti p\u00e4\u00e4asiassa n\u00e4m\u00e4 ns. kovilla aloilla opiskelevat arvostavat kampuksen monitieteisyytt\u00e4:<\/p>\n\n\n\n<figure class=\"wp-block-image size-full\"><img loading=\"lazy\" decoding=\"async\" width=\"682\" height=\"298\" src=\"https:\/\/www.silven.fi\/wp-content\/uploads\/2022\/02\/Lutk_killat_kysely.png\" alt=\"\" class=\"wp-image-1558\" srcset=\"https:\/\/www.silven.fi\/wp-content\/uploads\/2022\/02\/Lutk_killat_kysely.png 682w, https:\/\/www.silven.fi\/wp-content\/uploads\/2022\/02\/Lutk_killat_kysely-300x131.png 300w\" sizes=\"auto, (max-width: 682px) 100vw, 682px\" \/><figcaption>LuTK:n ainej\u00e4rjest\u00f6jen kyselyst\u00e4<\/figcaption><\/figure>\n\n\n\n<p>Aiemmat p\u00e4\u00e4asiassa tiedekuntien henkil\u00f6st\u00f6lle tehdyt kyselyt kertovat aivan samoin. Yliopistoyhteis\u00f6 on varsin yksimielisesti toisella kannalla kuin yliopistomme ylin johto. Tuloksia n\u00e4et aiemmista blogiartikkeleista <a href=\"https:\/\/www.silven.fi\/index.php\/2022\/01\/31\/johto-vs-johdettavat\/\">Johto vs. johdettavat<\/a> ja <a href=\"https:\/\/www.silven.fi\/index.php\/2022\/02\/08\/vihapuhettako\/\">Vihapuhettako<\/a>? sek\u00e4 <a href=\"https:\/\/www.silven.fi\/index.php\/2021\/12\/15\/kampusbarometriikkaa\/\">Kampusbarometriikkaa<\/a>. Viimeksi mainitussa on mm. professoriliiton kyselyn kooste vuoden 2021 joulukuulta.<\/p>\n\n\n\n<p>T\u00e4ss\u00e4 yhteydess\u00e4 palaan sanomalehti <a href=\"https:\/\/www.kaleva.fi\/yliopistokeskustelu-ryopsahti-vanhempien-polvien-s\/2533222\">Kalevan kolumnina julkaistuun p\u00e4\u00e4toimittajan kannanottoon<\/a> 16.5.2020, joka on otsikoitu n\u00e4in:<\/p>\n\n\n\n<figure class=\"wp-block-image size-large is-resized\"><img loading=\"lazy\" decoding=\"async\" src=\"https:\/\/www.silven.fi\/wp-content\/uploads\/2022\/02\/SannaKeskinen16052020-1024x227.png\" alt=\"\" class=\"wp-image-1540\" width=\"437\" height=\"97\" srcset=\"https:\/\/www.silven.fi\/wp-content\/uploads\/2022\/02\/SannaKeskinen16052020-1024x227.png 1024w, https:\/\/www.silven.fi\/wp-content\/uploads\/2022\/02\/SannaKeskinen16052020-300x66.png 300w, https:\/\/www.silven.fi\/wp-content\/uploads\/2022\/02\/SannaKeskinen16052020-768x170.png 768w, https:\/\/www.silven.fi\/wp-content\/uploads\/2022\/02\/SannaKeskinen16052020.png 1056w\" sizes=\"auto, (max-width: 437px) 100vw, 437px\" \/><\/figure>\n\n\n\n<p>H\u00e4nen kritiikkins\u00e4 kohdistui selv\u00e4sti <a href=\"https:\/\/www.silven.fi\/index.php\/2021\/10\/06\/kahdeksan-tutkimusyksikon-kirje\/\">tieto- ja s\u00e4hk\u00f6tekniikan tiedekunnan kahdeksan tutkimusyksik\u00f6n johtajan kirjeeseen yliopiston hallitukselle<\/a>. Kalevan p\u00e4\u00e4toimittajan kolumnin avainsis\u00e4lt\u00f6 on tiivistettyn\u00e4 sen alussa:<\/p>\n\n\n\n<figure class=\"wp-block-image size-full is-resized\"><img loading=\"lazy\" decoding=\"async\" src=\"https:\/\/www.silven.fi\/wp-content\/uploads\/2022\/02\/SannaKeskinen16052020b.png\" alt=\"\" class=\"wp-image-1541\" width=\"403\" height=\"124\" srcset=\"https:\/\/www.silven.fi\/wp-content\/uploads\/2022\/02\/SannaKeskinen16052020b.png 844w, https:\/\/www.silven.fi\/wp-content\/uploads\/2022\/02\/SannaKeskinen16052020b-300x93.png 300w, https:\/\/www.silven.fi\/wp-content\/uploads\/2022\/02\/SannaKeskinen16052020b-768x237.png 768w\" sizes=\"auto, (max-width: 403px) 100vw, 403px\" \/><\/figure>\n\n\n\n<p>Nyt kun nuoret opiskelijat ovat toteuttaneet omat kyselyns\u00e4, niin t\u00e4m\u00e4 ei olekaan Kalevassa her\u00e4tt\u00e4nyt mink\u00e4\u00e4nlaista mielenkiintoa. Ovatko nuoret vastanneet v\u00e4\u00e4rin? <\/p>\n\n\n\n<p><strong>On valitettavaa, ett\u00e4 Kaleva ei ole noita tuloksia huomannut<\/strong> ja <strong>uutisoinut.<\/strong><\/p>\n\n\n\n<p>Todettakoon, ett\u00e4 sittemmin <a href=\"https:\/\/www.silven.fi\/index.php\/2022\/01\/28\/yhdeksan-tutkimusyksikon-johtajan-kirje\/\">kymmenen tieto- ja s\u00e4hk\u00f6tekniikan tiedekunnan tutkimusyksik\u00f6n johtajaa on l\u00e4hett\u00e4nyt yliopiston hallitukselle uuden kirjeen<\/a>. Siin\u00e4 toistetaan ja t\u00e4ydennet\u00e4\u00e4n aiempaa kirjett\u00e4, josta yliopiston hallitus ei piitannut. <\/p>\n","protected":false},"excerpt":{"rendered":"<p>Blanko-kilta julkaisi jokin aika sitten tieto- ja s\u00e4hk\u00f6tekniikan tiedekunnan opiskelijoiden kampuskyselyn tulokset. Ne kertovat karulla tavalla tiedekunnan opiskelijoiden tuntemukset yliopistomme johdon harjoittamasta n\u00e4enn\u00e4isosallistamisesta: Olen jo julkaissut osan tuon kyselyn tuloksista jo aiemmin, todeten ICT-alan opiskelijoiden selke\u00e4sti arvostavan monitieteista yliopistoyhteis\u00f6\u00e4. He puolustavat vahvasti mm. yliopiston kirjaston vapaakappaleoikeutta, joka on t\u00e4rke\u00e4 humanisteillemme. Jo marraskuussa 2021 Oulun humanistinen&hellip; <a class=\"more-link\" href=\"https:\/\/www.silven.fi\/index.php\/2022\/02\/10\/puhetta-nuorten-paiden-yli\/\">Jatka lukemista <span class=\"screen-reader-text\">Puhetta nuorten p\u00e4iden yli<\/span><\/a><\/p>\n","protected":false},"author":1,"featured_media":0,"comment_status":"open","ping_status":"open","sticky":false,"template":"","format":"standard","meta":{"footnotes":""},"categories":[1],"tags":[],"class_list":["post-1552","post","type-post","status-publish","format-standard","hentry","category-uncategorized","entry"],"_links":{"self":[{"href":"https:\/\/www.silven.fi\/index.php\/wp-json\/wp\/v2\/posts\/1552","targetHints":{"allow":["GET"]}}],"collection":[{"href":"https:\/\/www.silven.fi\/index.php\/wp-json\/wp\/v2\/posts"}],"about":[{"href":"https:\/\/www.silven.fi\/index.php\/wp-json\/wp\/v2\/types\/post"}],"author":[{"embeddable":true,"href":"https:\/\/www.silven.fi\/index.php\/wp-json\/wp\/v2\/users\/1"}],"replies":[{"embeddable":true,"href":"https:\/\/www.silven.fi\/index.php\/wp-json\/wp\/v2\/comments?post=1552"}],"version-history":[{"count":14,"href":"https:\/\/www.silven.fi\/index.php\/wp-json\/wp\/v2\/posts\/1552\/revisions"}],"predecessor-version":[{"id":1670,"href":"https:\/\/www.silven.fi\/index.php\/wp-json\/wp\/v2\/posts\/1552\/revisions\/1670"}],"wp:attachment":[{"href":"https:\/\/www.silven.fi\/index.php\/wp-json\/wp\/v2\/media?parent=1552"}],"wp:term":[{"taxonomy":"category","embeddable":true,"href":"https:\/\/www.silven.fi\/index.php\/wp-json\/wp\/v2\/categories?post=1552"},{"taxonomy":"post_tag","embeddable":true,"href":"https:\/\/www.silven.fi\/index.php\/wp-json\/wp\/v2\/tags?post=1552"}],"curies":[{"name":"wp","href":"https:\/\/api.w.org\/{rel}","templated":true}]}}