{"id":195,"date":"2021-10-20T04:00:00","date_gmt":"2021-10-20T04:00:00","guid":{"rendered":"https:\/\/www.silven.fi\/?p=195"},"modified":"2021-10-19T11:17:08","modified_gmt":"2021-10-19T11:17:08","slug":"armoniskua-odotellen","status":"publish","type":"post","link":"https:\/\/www.silven.fi\/index.php\/2021\/10\/20\/armoniskua-odotellen\/","title":{"rendered":"Armonisku tulossa?"},"content":{"rendered":"\n<p>Yliopistojen toimitilojen tarve riippuu olennaisesti niiden koulutus- ja tutkimusaloista. Kokeelliset ja teknisesti vaativat alat tarvitsevat enemm\u00e4n tiloja. Vastaavasti tilojen puute voi est\u00e4\u00e4 noiden tarvitsemien tutkimuslaitteiden ja koej\u00e4rjestelmien sijoittamisen. Humanistiset alat puolestaan tarvitsevat kirjastoa.<\/p>\n\n\n\n<p>Oulun yliopistossa on t\u00e4ll\u00e4 hetkell\u00e4 toimitiloja henkil\u00f6st\u00f6n j\u00e4sent\u00e4 kohti toiseksi v\u00e4hiten Suomen yliopistolaitoksessa. T\u00e4t\u00e4 kompensoi Linnanmaan yhten\u00e4inen kampusrakennus. Se on mahdollistanut tehokkaan tilojen yhteisk\u00e4yt\u00f6n ja mm. 5G\/6G -testiverkon sijoittamisen koko kampuksen toimiessa laboratoriona. <\/p>\n\n\n\n<p>Tampereen yliopisto, jonka toimitilat ovat Oulua uudemmat ja tulossa t\u00e4\u00e4ll\u00e4 jo ohitettuun peruskorjausvaiheeseen, suunnittelee suureen polemiikkiin johtaneita tilav\u00e4hennyksi\u00e4. Mik\u00e4li ne toteutuvat v\u00e4l\u00e4ytetyss\u00e4 m\u00e4\u00e4rin, sen tilank\u00e4ytt\u00f6 tehostuu vasta Oulun yliopiston nykyiselle tasolle.<\/p>\n\n\n\n<p>Taulukko alla perustuu yliopistojen vuoden 2020 tilinp\u00e4\u00e4t\u00f6ksiin. N\u00e4emme, ett\u00e4 <strong>Oulun yliopiston varsinaisen toiminnan tuotot toimitilaneli\u00f6t\u00e4 kohti ovat yliopistolaitoksen toiseksi korkeimmat<\/strong>. <strong>Tuotoissa henkil\u00f6ty\u00f6vuotta kohden olemme yliopistona kuitenkin vasta seitsem\u00e4s<\/strong>.<\/p>\n\n\n\n<figure class=\"wp-block-image size-large\"><img loading=\"lazy\" decoding=\"async\" width=\"1024\" height=\"679\" src=\"https:\/\/www.silven.fi\/wp-content\/uploads\/2021\/10\/Tilatperpaa-1024x679.png\" alt=\"\" class=\"wp-image-138\" srcset=\"https:\/\/www.silven.fi\/wp-content\/uploads\/2021\/10\/Tilatperpaa-1024x679.png 1024w, https:\/\/www.silven.fi\/wp-content\/uploads\/2021\/10\/Tilatperpaa-300x199.png 300w, https:\/\/www.silven.fi\/wp-content\/uploads\/2021\/10\/Tilatperpaa-768x509.png 768w, https:\/\/www.silven.fi\/wp-content\/uploads\/2021\/10\/Tilatperpaa.png 1173w\" sizes=\"auto, (max-width: 1024px) 100vw, 1024px\" \/><\/figure>\n\n\n\n<p>Oulun yliopiston johto suunnittelee v\u00e4hint\u00e4\u00e4n 25 000 neli\u00f6n toimitilav\u00e4hennyst\u00e4 Linnanmaan kampukselta Raksila-hankkeeseen kytkeytyen.<em> <\/em><\/p>\n\n\n\n<p><em>Ceteris paribus<\/em>, tuon j\u00e4lkeen olemme tuotoissa per neli\u00f6 vet\u00e4neet 15% etumatkan seuraavaan yliopistoon. <strong>Mutta<\/strong>, <em>ceteris paribus<\/em>,  <strong>tuotot henkil\u00f6ty\u00f6vuotta kohden eiv\u00e4t muutu<\/strong>. Minulle on arvoitus, miksi johtomme ei kiinnit\u00e4 t\u00e4h\u00e4n huomiota.<\/p>\n\n\n\n<p>N\u00e4kemieni suunnitelmien mukaan leikkaus kohdistuisi tieto- ja s\u00e4hk\u00f6tekniikan (TST), humanistiseen ja kauppatieteiden tiedekuntiin. <\/p>\n\n\n\n<p>TST-tiedekunta on ollut yliopiston eniten ylij\u00e4\u00e4m\u00e4\u00e4 tuottava yksikk\u00f6, joten <em>ceteris paribus<\/em> ei liene valiidi olettama. Humanistinen tiedekunta puolestaan on tunnusluvuiltaan Suomen parhaita lajissaan ja tulee k\u00e4rsim\u00e4\u00e4n suunnitellusta kirjaston<em> de facto<\/em> alasajaosta.<\/p>\n\n\n\n<p>Yliopiston hallitus on tekem\u00e4ss\u00e4 strategista muutosta ajamalla oululaista ICT-tutkimusta ja -koulutusta kitumaan. Odotammeko vain armoniskua? Samoin se on menettelem\u00e4ss\u00e4 humanistisen alan kanssa.  <\/p>\n\n\n\n<p>Ilmeisesti kauppatieteen opiskelijoiden mahdollisten ty\u00f6paikat Raksilan markettien kassoina ja hyllytt\u00e4jin\u00e4 katsotaan olevan riitt\u00e4v\u00e4 kompensaatio.<\/p>\n\n\n\n<p>Kenen asialla yliopistomme hallitus ja johto ovat?  <\/p>\n","protected":false},"excerpt":{"rendered":"<p>Yliopistojen toimitilojen tarve riippuu olennaisesti niiden koulutus- ja tutkimusaloista. Kokeelliset ja teknisesti vaativat alat tarvitsevat enemm\u00e4n tiloja. Vastaavasti tilojen puute voi est\u00e4\u00e4 noiden tarvitsemien tutkimuslaitteiden ja koej\u00e4rjestelmien sijoittamisen. Humanistiset alat puolestaan tarvitsevat kirjastoa. Oulun yliopistossa on t\u00e4ll\u00e4 hetkell\u00e4 toimitiloja henkil\u00f6st\u00f6n j\u00e4sent\u00e4 kohti toiseksi v\u00e4hiten Suomen yliopistolaitoksessa. T\u00e4t\u00e4 kompensoi Linnanmaan yhten\u00e4inen kampusrakennus. Se on mahdollistanut tehokkaan&hellip; <a class=\"more-link\" href=\"https:\/\/www.silven.fi\/index.php\/2021\/10\/20\/armoniskua-odotellen\/\">Jatka lukemista <span class=\"screen-reader-text\">Armonisku tulossa?<\/span><\/a><\/p>\n","protected":false},"author":1,"featured_media":0,"comment_status":"open","ping_status":"open","sticky":false,"template":"","format":"standard","meta":{"footnotes":""},"categories":[1],"tags":[],"class_list":["post-195","post","type-post","status-publish","format-standard","hentry","category-uncategorized","entry"],"_links":{"self":[{"href":"https:\/\/www.silven.fi\/index.php\/wp-json\/wp\/v2\/posts\/195","targetHints":{"allow":["GET"]}}],"collection":[{"href":"https:\/\/www.silven.fi\/index.php\/wp-json\/wp\/v2\/posts"}],"about":[{"href":"https:\/\/www.silven.fi\/index.php\/wp-json\/wp\/v2\/types\/post"}],"author":[{"embeddable":true,"href":"https:\/\/www.silven.fi\/index.php\/wp-json\/wp\/v2\/users\/1"}],"replies":[{"embeddable":true,"href":"https:\/\/www.silven.fi\/index.php\/wp-json\/wp\/v2\/comments?post=195"}],"version-history":[{"count":12,"href":"https:\/\/www.silven.fi\/index.php\/wp-json\/wp\/v2\/posts\/195\/revisions"}],"predecessor-version":[{"id":236,"href":"https:\/\/www.silven.fi\/index.php\/wp-json\/wp\/v2\/posts\/195\/revisions\/236"}],"wp:attachment":[{"href":"https:\/\/www.silven.fi\/index.php\/wp-json\/wp\/v2\/media?parent=195"}],"wp:term":[{"taxonomy":"category","embeddable":true,"href":"https:\/\/www.silven.fi\/index.php\/wp-json\/wp\/v2\/categories?post=195"},{"taxonomy":"post_tag","embeddable":true,"href":"https:\/\/www.silven.fi\/index.php\/wp-json\/wp\/v2\/tags?post=195"}],"curies":[{"name":"wp","href":"https:\/\/api.w.org\/{rel}","templated":true}]}}