{"id":3009,"date":"2022-09-27T07:33:00","date_gmt":"2022-09-27T04:33:00","guid":{"rendered":"https:\/\/www.silven.fi\/?p=3009"},"modified":"2022-09-26T18:37:43","modified_gmt":"2022-09-26T15:37:43","slug":"hallitus-8-9-2022","status":"publish","type":"post","link":"https:\/\/www.silven.fi\/index.php\/2022\/09\/27\/hallitus-8-9-2022\/","title":{"rendered":"Hallitus 8.9.2022: taustoitusta"},"content":{"rendered":"\n<p>Yliopiston hallitus tekee p\u00e4\u00e4t\u00f6ksens\u00e4 esittelyst\u00e4 kokous kerrallaan johdon sille tuomista asioista.  P\u00e4\u00e4t\u00f6sketjujen jatkuva seuranta ja kehitykseen reagointi olisi normaalia hallitusty\u00f6skentely\u00e4. N\u00e4ytt\u00f6j\u00e4 tuollaisesta ei valitettavasti l\u00f6ydy <a href=\"https:\/\/ouluyo.oncloudos.com\/cgi\/DREQUEST.PHP?page=document_folders&amp;id=2\">p\u00f6yt\u00e4kirjoista<\/a>.<\/p>\n\n\n\n<p>Ehk\u00e4 todistamme nyt muutosta. Nimitt\u00e4in yliopistomme <a href=\"https:\/\/ouluyo.oncloudos.com\/aski\/20227825.PDF\">hallitus p\u00e4\u00e4tti 8.9.2022<\/a> <strong>esittelyst\u00e4 poiketen <\/strong>l\u00e4\u00e4ketieteellist\u00e4 tiedekuntaa (LTK) koskevassa asiassa seuraavasti:<\/p>\n\n\n\n<figure class=\"wp-block-image size-large\"><img loading=\"lazy\" decoding=\"async\" width=\"1024\" height=\"165\" src=\"https:\/\/www.silven.fi\/wp-content\/uploads\/2022\/09\/Hallituksen_paatos-1024x165.jpg\" alt=\"\" class=\"wp-image-3010\" srcset=\"https:\/\/www.silven.fi\/wp-content\/uploads\/2022\/09\/Hallituksen_paatos-1024x165.jpg 1024w, https:\/\/www.silven.fi\/wp-content\/uploads\/2022\/09\/Hallituksen_paatos-300x48.jpg 300w, https:\/\/www.silven.fi\/wp-content\/uploads\/2022\/09\/Hallituksen_paatos-768x124.jpg 768w, https:\/\/www.silven.fi\/wp-content\/uploads\/2022\/09\/Hallituksen_paatos.jpg 1312w\" sizes=\"auto, (max-width: 1024px) 100vw, 1024px\" \/><\/figure>\n\n\n\n<p>Siten tiedekunnan on lokakuun loppuun menness\u00e4 laadittava talouden tasapainotussuunnitelma, jonka yliopiston hallitus hyv\u00e4ksyy. Hallitus selv\u00e4sti ymm\u00e4rsi toimenpidesuunnitelman laadinnan edellytt\u00e4v\u00e4n aikaa. Toivottavasti my\u00f6s sill\u00e4 on aikaa perehty\u00e4 tilanteen taustoihin.<\/p>\n\n\n\n<p>P\u00f6yt\u00e4kirjassa ei ole liitteit\u00e4, joten emme n\u00e4e hallituksen yksimielisen p\u00e4\u00e4t\u00f6ksen mahdollisia perusteluja. Ne kiinnostaisivat yliopistoyhteis\u00f6\u00e4, sill\u00e4 muut tiedekunnat voivat piankin kohdata samat haasteet. <\/p>\n\n\n\n<p>Hallituksen kokousta seuraavan viikon alussa monet  LTK:n henkil\u00f6t saivat allekirjoittamattoman viestin, joka alkaa seuraavasti:<\/p>\n\n\n\n<figure class=\"wp-block-image size-full\"><img loading=\"lazy\" decoding=\"async\" width=\"991\" height=\"268\" src=\"https:\/\/www.silven.fi\/wp-content\/uploads\/2022\/09\/Hallituksenko_paatos.jpg\" alt=\"\" class=\"wp-image-3011\" srcset=\"https:\/\/www.silven.fi\/wp-content\/uploads\/2022\/09\/Hallituksenko_paatos.jpg 991w, https:\/\/www.silven.fi\/wp-content\/uploads\/2022\/09\/Hallituksenko_paatos-300x81.jpg 300w, https:\/\/www.silven.fi\/wp-content\/uploads\/2022\/09\/Hallituksenko_paatos-768x208.jpg 768w\" sizes=\"auto, (max-width: 991px) 100vw, 991px\" \/><\/figure>\n\n\n\n<p>Hallitus p\u00e4\u00e4tti odottaa tiedekunnan suunnitelmaa. N\u00e4hd\u00e4kseni se ei p\u00f6yt\u00e4kirjan mukaan p\u00e4\u00e4tt\u00e4nyt l\u00e4hte\u00e4  operatiiviseen toimintaan, vaikka LTK:ssa jaettu viesti noin indikoikin.<\/p>\n\n\n\n<p>M\u00e4\u00e4r\u00e4aikaiset henkil\u00f6t ovat yleens\u00e4 t\u00e4ydent\u00e4v\u00e4ll\u00e4 rahoituksella palkattuja v\u00e4it\u00f6skirjatutkijoita ja postdoceja. Kirjeess\u00e4 esitetty menettely saattaakin iske\u00e4 syv\u00e4lle tiedekunnan tuloksellisuuteen ja jopa alkavaksi suunniteltuun farmaseuttikoulutukseen. <\/p>\n\n\n\n<p>Henkil\u00f6st\u00f6johtajan viesti 16.9.2022 ei tarjoa mit\u00e4\u00e4n vaihtoehtoja LKT:n yksik\u00f6ille. Jo sen alkukin on yksiselitteinen:<\/p>\n\n\n\n<figure class=\"wp-block-image size-full\"><img loading=\"lazy\" decoding=\"async\" width=\"789\" height=\"325\" src=\"https:\/\/www.silven.fi\/wp-content\/uploads\/2022\/09\/Okkosenviesti16092022.jpg\" alt=\"\" class=\"wp-image-3085\" srcset=\"https:\/\/www.silven.fi\/wp-content\/uploads\/2022\/09\/Okkosenviesti16092022.jpg 789w, https:\/\/www.silven.fi\/wp-content\/uploads\/2022\/09\/Okkosenviesti16092022-300x124.jpg 300w, https:\/\/www.silven.fi\/wp-content\/uploads\/2022\/09\/Okkosenviesti16092022-768x316.jpg 768w\" sizes=\"auto, (max-width: 789px) 100vw, 789px\" \/><\/figure>\n\n\n\n<p>Mutta mist\u00e4 LTK:n talousongelmat ovat varsinaisesti l\u00e4hteneet? T\u00e4t\u00e4 varten on palattava &nbsp;<a href=\"https:\/\/ouluyo.oncloudos.com\/aski\/20214372.PDF\">hallituksen kokousp\u00f6yt\u00e4kirjan 21.10.2021<\/a>&nbsp;asiakohtaan 5: \u201d<em>rehtori p\u00e4\u00e4tt\u00e4\u00e4 yliopiston sis\u00e4isest\u00e4 rahanjaosta<\/em>. <\/p>\n\n\n\n<p>Samassa asiakohdassa kerrotaan, ett\u00e4 yliopistomme hallitus on hyv\u00e4ksynyt <a href=\"https:\/\/ouluyo.oncloudos.com\/aski\/20204824.4825.PDF\">sis\u00e4isen rahanjaon dokumentin<\/a> ja sen &#8221;<em><strong>yll\u00e4pidett\u00e4v\u00e4ksi<\/strong> erill\u00e4\u00e4n talouss\u00e4\u00e4nn\u00f6st\u00e4<\/em>&#8221;. Pyysin kirjaamosta 24.6.2022 tuon dokumentin olettaen saavani sen viimeisen version vuoden 2022 jakoa varten yll\u00e4pidettyn\u00e4:<\/p>\n\n\n\n<figure class=\"wp-block-image size-full\"><img loading=\"lazy\" decoding=\"async\" width=\"733\" height=\"373\" src=\"https:\/\/www.silven.fi\/wp-content\/uploads\/2022\/09\/Kirjaamopyynto24082021.jpg\" alt=\"\" class=\"wp-image-3038\" srcset=\"https:\/\/www.silven.fi\/wp-content\/uploads\/2022\/09\/Kirjaamopyynto24082021.jpg 733w, https:\/\/www.silven.fi\/wp-content\/uploads\/2022\/09\/Kirjaamopyynto24082021-300x153.jpg 300w\" sizes=\"auto, (max-width: 733px) 100vw, 733px\" \/><\/figure>\n\n\n\n<p>Sain vastauksen samalla viikolla. H\u00e4mm\u00e4styin kuitenkin, sill\u00e4 se sis\u00e4lsi linkit tuntemaani hallituksen <a href=\"https:\/\/ouluyo.oncloudos.com\/aski\/20204824.PDF\">s\u00e4hk\u00f6postikokousp\u00f6yt\u00e4kirjaan 12.10.<\/a><strong><a href=\"https:\/\/ouluyo.oncloudos.com\/aski\/20204824.PDF\">2020<\/a> <\/strong>ja sen liitedokumenttiin &#8221;<a href=\"https:\/\/ouluyo.oncloudos.com\/aski\/20204824.4825.PDF\">Ehdotus Oulun yliopiston sis\u00e4iseksi rahanjakomalliksi <strong>2021<\/strong><\/a>&#8221;. Eik\u00f6 dokumenttia yll\u00e4pidettyk\u00e4\u00e4n vuoden 2022 rahanjakoon? <\/p>\n\n\n\n<figure class=\"wp-block-image size-full\"><img loading=\"lazy\" decoding=\"async\" width=\"910\" height=\"484\" src=\"https:\/\/www.silven.fi\/wp-content\/uploads\/2022\/09\/Rahoitusmalli2021.jpg\" alt=\"\" class=\"wp-image-3039\" srcset=\"https:\/\/www.silven.fi\/wp-content\/uploads\/2022\/09\/Rahoitusmalli2021.jpg 910w, https:\/\/www.silven.fi\/wp-content\/uploads\/2022\/09\/Rahoitusmalli2021-300x160.jpg 300w, https:\/\/www.silven.fi\/wp-content\/uploads\/2022\/09\/Rahoitusmalli2021-768x408.jpg 768w\" sizes=\"auto, (max-width: 910px) 100vw, 910px\" \/><\/figure>\n\n\n\n<p>Kyseisess\u00e4 dokumentissa ei ole ilmoitettu tulospohjaisesta OKM-rahoituksesta tiedekunnille indikaattoreilla jaettavaa %osuutta. Sen sijaan siin\u00e4 on yksikk\u00f6hintataulukko, jonka arvojen voinee olettaa seuraavan OKM-rahoitusta.<\/p>\n\n\n\n<figure class=\"wp-block-image size-full is-resized\"><img loading=\"lazy\" decoding=\"async\" src=\"https:\/\/www.silven.fi\/wp-content\/uploads\/2022\/09\/yksikkohinnat.jpg\" alt=\"\" class=\"wp-image-3015\" width=\"613\" height=\"513\" srcset=\"https:\/\/www.silven.fi\/wp-content\/uploads\/2022\/09\/yksikkohinnat.jpg 808w, https:\/\/www.silven.fi\/wp-content\/uploads\/2022\/09\/yksikkohinnat-300x251.jpg 300w, https:\/\/www.silven.fi\/wp-content\/uploads\/2022\/09\/yksikkohinnat-768x643.jpg 768w\" sizes=\"auto, (max-width: 613px) 100vw, 613px\" \/><figcaption>Oulun yliopiston sis\u00e4isen rahoitusmallin ns. yksikk\u00f6hinnat vuodelle 2021.<\/figcaption><\/figure>\n\n\n\n<p>Vuoden 2021 OKM:n yliopistolain mukainen perusrahoitus yliopistollemme oli 159.6 M\u20ac ja vuodelle 2022 153.3 M\u20ac. Pudotusta oli siten <strong>4.95%<\/strong>. <\/p>\n\n\n\n<p><em>Toteutuneen jaon perusteella rehtori p\u00e4\u00e4tti leikata tiedekunnille vuodelle 2022 indikaattorien perusteella kohdennettavaa perusrahoitusta <strong>11.625%<\/strong><\/em>. <\/p>\n\n\n\n<p>Hallituksen p\u00f6yt\u00e4kirjassa t\u00e4t\u00e4 seikkaa ei kuitenkaan ole mainittu. N\u00e4emme vain budjetin hyv\u00e4ksynn\u00e4n  <a href=\"https:\/\/ouluyo.oncloudos.com\/aski\/20214906.PDF\">kokouksessa 16.12.2021<\/a> asiakohdassa 5 (Toiminta- ja taloussuunnitelman, talousarvion ja investointisuunnitelman hyv\u00e4ksyminen). Kohdassa ei ole mainintaa sis\u00e4isest\u00e4 rahanjaosta ja sen m\u00e4\u00e4ritt\u00e4v\u00e4n dokumentin p\u00e4ivityksest\u00e4. Mainintaa mist\u00e4\u00e4n liitteist\u00e4 ei ole.<\/p>\n\n\n\n<p>Miksi tulospohjaista rahoitusta on leikattu? T\u00e4m\u00e4 heikent\u00e4\u00e4 tiedekuntien mahdollisuuksia hallita talouttaan tulosparannuksin. N\u00e4enkin yliopistomme kulkevan neuvostoliittolaista kannustej\u00e4rjestelm\u00e4\u00e4 kohti. Onko taustalla yh\u00e4 suuremman osuuden \u201dmarkkinaehtoisesti\u201d,  siis OKM:n indikaattoreilla, saadun rahoituksen sis\u00e4inen  kohdentaminen erilaisiin strategisiin hankkeisiin ja fokusinstituutteihin?<\/p>\n\n\n\n<p>Olisiko perusrahoituksen leikkauksen takana my\u00f6s tuottamattomien n\u00e4enn\u00e4istoimintojen kasvattaminen? Tuollainen on t\u00e4h\u00e4nkin asti ollut yliopistoyhteis\u00f6lle  ik\u00e4v\u00e4\u00e4 katsottavaa graafina ja viel\u00e4 ik\u00e4v\u00e4mp\u00e4\u00e4 todellisuudessamme koettuna.<\/p>\n\n\n\n<figure class=\"wp-block-image size-full is-resized\"><img loading=\"lazy\" decoding=\"async\" src=\"https:\/\/www.silven.fi\/wp-content\/uploads\/2022\/08\/Tilinpaatokset_yhteiset_vs_henkilostokulut_15_21-1.png\" alt=\"\" class=\"wp-image-2805\" width=\"381\" height=\"272\" srcset=\"https:\/\/www.silven.fi\/wp-content\/uploads\/2022\/08\/Tilinpaatokset_yhteiset_vs_henkilostokulut_15_21-1.png 679w, https:\/\/www.silven.fi\/wp-content\/uploads\/2022\/08\/Tilinpaatokset_yhteiset_vs_henkilostokulut_15_21-1-300x215.png 300w\" sizes=\"auto, (max-width: 381px) 100vw, 381px\" \/><\/figure>\n\n\n\n<p>Kollegio pyysi <a href=\"https:\/\/www.silven.fi\/index.php\/2022\/08\/16\/yhteiset-kustannukset\/\">kokouksessaan 19.5.2022 t\u00e4h\u00e4n kehitykseen selityst\u00e4 sit\u00e4 saamatta<\/a>. Rehtorin ja edellisen hallituksen puheenjohtajan <a href=\"https:\/\/ouluyo.oncloudos.com\/aski\/20226674.PDF\">vastuuvapauden ep\u00e4\u00e4misen<\/a> j\u00e4lkeen asia on jo useamman kuukauden ollut yliopiston uuden hallituksen ja puheenjohtajan vastuulla.<\/p>\n","protected":false},"excerpt":{"rendered":"<p>Yliopiston hallitus tekee p\u00e4\u00e4t\u00f6ksens\u00e4 esittelyst\u00e4 kokous kerrallaan johdon sille tuomista asioista. P\u00e4\u00e4t\u00f6sketjujen jatkuva seuranta ja kehitykseen reagointi olisi normaalia hallitusty\u00f6skentely\u00e4. N\u00e4ytt\u00f6j\u00e4 tuollaisesta ei valitettavasti l\u00f6ydy p\u00f6yt\u00e4kirjoista. Ehk\u00e4 todistamme nyt muutosta. Nimitt\u00e4in yliopistomme hallitus p\u00e4\u00e4tti 8.9.2022 esittelyst\u00e4 poiketen l\u00e4\u00e4ketieteellist\u00e4 tiedekuntaa (LTK) koskevassa asiassa seuraavasti: Siten tiedekunnan on lokakuun loppuun menness\u00e4 laadittava talouden tasapainotussuunnitelma, jonka yliopiston hallitus&hellip; <a class=\"more-link\" href=\"https:\/\/www.silven.fi\/index.php\/2022\/09\/27\/hallitus-8-9-2022\/\">Jatka lukemista <span class=\"screen-reader-text\">Hallitus 8.9.2022: taustoitusta<\/span><\/a><\/p>\n","protected":false},"author":1,"featured_media":0,"comment_status":"open","ping_status":"open","sticky":false,"template":"","format":"standard","meta":{"footnotes":""},"categories":[1],"tags":[],"class_list":["post-3009","post","type-post","status-publish","format-standard","hentry","category-uncategorized","entry"],"_links":{"self":[{"href":"https:\/\/www.silven.fi\/index.php\/wp-json\/wp\/v2\/posts\/3009","targetHints":{"allow":["GET"]}}],"collection":[{"href":"https:\/\/www.silven.fi\/index.php\/wp-json\/wp\/v2\/posts"}],"about":[{"href":"https:\/\/www.silven.fi\/index.php\/wp-json\/wp\/v2\/types\/post"}],"author":[{"embeddable":true,"href":"https:\/\/www.silven.fi\/index.php\/wp-json\/wp\/v2\/users\/1"}],"replies":[{"embeddable":true,"href":"https:\/\/www.silven.fi\/index.php\/wp-json\/wp\/v2\/comments?post=3009"}],"version-history":[{"count":46,"href":"https:\/\/www.silven.fi\/index.php\/wp-json\/wp\/v2\/posts\/3009\/revisions"}],"predecessor-version":[{"id":3119,"href":"https:\/\/www.silven.fi\/index.php\/wp-json\/wp\/v2\/posts\/3009\/revisions\/3119"}],"wp:attachment":[{"href":"https:\/\/www.silven.fi\/index.php\/wp-json\/wp\/v2\/media?parent=3009"}],"wp:term":[{"taxonomy":"category","embeddable":true,"href":"https:\/\/www.silven.fi\/index.php\/wp-json\/wp\/v2\/categories?post=3009"},{"taxonomy":"post_tag","embeddable":true,"href":"https:\/\/www.silven.fi\/index.php\/wp-json\/wp\/v2\/tags?post=3009"}],"curies":[{"name":"wp","href":"https:\/\/api.w.org\/{rel}","templated":true}]}}