{"id":3440,"date":"2022-11-22T07:55:53","date_gmt":"2022-11-22T05:55:53","guid":{"rendered":"https:\/\/www.silven.fi\/?p=3440"},"modified":"2022-11-20T01:23:06","modified_gmt":"2022-11-19T23:23:06","slug":"opintopisteanomalia-3","status":"publish","type":"post","link":"https:\/\/www.silven.fi\/index.php\/2022\/11\/22\/opintopisteanomalia-3\/","title":{"rendered":"Opintopisteanomalia (3)"},"content":{"rendered":"\n<p>Kahdessa aiemmassa blogiartikkelissani esitin keskeytysriskille altistuneiden osuuksia lukuvuodesta 2016 l\u00e4htien. Yliopistomme kohdalla n\u00e4hty nousu vaikuttaa lohduttomalta, joten on syyt\u00e4 katsoa viime vuosikymmenen alkuun Tuolloinkin yli viidennes yliopistomme 18-22 vuotiaista opiskelijoista j\u00e4i alle 30 opintopisteen lukuvuosikertym\u00e4n:<\/p>\n\n\n\n<figure class=\"wp-block-image size-full\"><img loading=\"lazy\" decoding=\"async\" width=\"849\" height=\"484\" src=\"https:\/\/www.silven.fi\/wp-content\/uploads\/2022\/11\/Keskeytysriski_graafi_2011_2022.jpg\" alt=\"\" class=\"wp-image-3441\" srcset=\"https:\/\/www.silven.fi\/wp-content\/uploads\/2022\/11\/Keskeytysriski_graafi_2011_2022.jpg 849w, https:\/\/www.silven.fi\/wp-content\/uploads\/2022\/11\/Keskeytysriski_graafi_2011_2022-300x171.jpg 300w, https:\/\/www.silven.fi\/wp-content\/uploads\/2022\/11\/Keskeytysriski_graafi_2011_2022-768x438.jpg 768w\" sizes=\"auto, (max-width: 849px) 100vw, 849px\" \/><figcaption class=\"wp-element-caption\">Datan l\u00e4hde Extra-Vipunen (ks. taulukko t\u00e4m\u00e4n blogiartikkelin lopussa)<\/figcaption><\/figure>\n\n\n\n<p>Yliopistomme tutkintosaanto oli tuolloin luokkaa 62%, kun valtakunnan keskitaso ilman Oulua oli 67%.  Onnistuimme muutamassa vuodessa tiedon varassa toimien k\u00e4\u00e4nt\u00e4m\u00e4\u00e4n takamatkan edell\u00e4k\u00e4vijyydeksi, hetkeksi liki 79% maisteritutkintosaannon ja suhteessa eniten m\u00e4\u00e4r\u00e4ajassa valmistuvia tuottavaksi yliopistoksi.<\/p>\n\n\n\n<p>Ei ole vaikea n\u00e4hd\u00e4 k\u00e4\u00e4nnepistett\u00e4 2016. Tuolloin yliopistomme teki suuren organisaatiomuutoksen, joka poisti koulutuksen toiminnan fokuksista ja saattoi muuttaa sen pelk\u00e4ksi lypsykohteeksi.<\/p>\n\n\n\n<p>Nyt yliopistostamme ylemp\u00e4\u00e4n korkeakoulututkintoon valmistuvista valtaosa on aloittanut 5-7 vuotta sitten. T\u00e4n\u00e4 ja ensi vuonna aloittavista valmistuvat p\u00e4\u00e4sev\u00e4t valmistumiseen asti p\u00e4\u00e4asiassa t\u00e4ll\u00e4 vuosikymmenell\u00e4. Heid\u00e4n edistymiseens\u00e4 ehtisi viel\u00e4 vaikuttamaan. Koulutusrehtori <a href=\"https:\/\/www.oulu.fi\/fi\/blogit\/rehtorien-blogi\/koulutuksen-laatu-ratkaisee-menestyksemme-ja-hyvinvointimme\">blogissaan 15.11.2022<\/a> n\u00e4ytt\u00e4\u00e4 kuitenkin akuuttien ongelmien ratkaisemisen sijaan t\u00e4ht\u00e4\u00e4v\u00e4n 2030-luvulle:  <\/p>\n\n\n\n<figure class=\"wp-block-image size-full is-resized\"><img loading=\"lazy\" decoding=\"async\" src=\"https:\/\/www.silven.fi\/wp-content\/uploads\/2022\/11\/Nosteasiaa.jpg\" alt=\"\" class=\"wp-image-3534\" width=\"524\" height=\"182\" srcset=\"https:\/\/www.silven.fi\/wp-content\/uploads\/2022\/11\/Nosteasiaa.jpg 955w, https:\/\/www.silven.fi\/wp-content\/uploads\/2022\/11\/Nosteasiaa-300x105.jpg 300w, https:\/\/www.silven.fi\/wp-content\/uploads\/2022\/11\/Nosteasiaa-768x268.jpg 768w\" sizes=\"auto, (max-width: 524px) 100vw, 524px\" \/><\/figure>\n\n\n\n<p>Ennen oli ennen. Kohta tutkintosaantomme on j\u00e4lleen kuten ennen. Jo nyt johdamme kisaa uusien opiskelijoiden pettymysten tuottamisessa.<\/p>\n\n\n\n<figure class=\"wp-block-image size-large\"><img loading=\"lazy\" decoding=\"async\" width=\"1024\" height=\"421\" src=\"https:\/\/www.silven.fi\/wp-content\/uploads\/2022\/11\/alle30op_yliopistoittain-1024x421.jpg\" alt=\"\" class=\"wp-image-3505\" srcset=\"https:\/\/www.silven.fi\/wp-content\/uploads\/2022\/11\/alle30op_yliopistoittain-1024x421.jpg 1024w, https:\/\/www.silven.fi\/wp-content\/uploads\/2022\/11\/alle30op_yliopistoittain-300x123.jpg 300w, https:\/\/www.silven.fi\/wp-content\/uploads\/2022\/11\/alle30op_yliopistoittain-768x316.jpg 768w, https:\/\/www.silven.fi\/wp-content\/uploads\/2022\/11\/alle30op_yliopistoittain.jpg 1119w\" sizes=\"auto, (max-width: 1024px) 100vw, 1024px\" \/><\/figure>\n","protected":false},"excerpt":{"rendered":"<p>Kahdessa aiemmassa blogiartikkelissani esitin keskeytysriskille altistuneiden osuuksia lukuvuodesta 2016 l\u00e4htien. Yliopistomme kohdalla n\u00e4hty nousu vaikuttaa lohduttomalta, joten on syyt\u00e4 katsoa viime vuosikymmenen alkuun Tuolloinkin yli viidennes yliopistomme 18-22 vuotiaista opiskelijoista j\u00e4i alle 30 opintopisteen lukuvuosikertym\u00e4n: Yliopistomme tutkintosaanto oli tuolloin luokkaa 62%, kun valtakunnan keskitaso ilman Oulua oli 67%. Onnistuimme muutamassa vuodessa tiedon varassa toimien k\u00e4\u00e4nt\u00e4m\u00e4\u00e4n&hellip; <a class=\"more-link\" href=\"https:\/\/www.silven.fi\/index.php\/2022\/11\/22\/opintopisteanomalia-3\/\">Jatka lukemista <span class=\"screen-reader-text\">Opintopisteanomalia (3)<\/span><\/a><\/p>\n","protected":false},"author":1,"featured_media":0,"comment_status":"open","ping_status":"open","sticky":false,"template":"","format":"standard","meta":{"footnotes":""},"categories":[1],"tags":[],"class_list":["post-3440","post","type-post","status-publish","format-standard","hentry","category-uncategorized","entry"],"_links":{"self":[{"href":"https:\/\/www.silven.fi\/index.php\/wp-json\/wp\/v2\/posts\/3440","targetHints":{"allow":["GET"]}}],"collection":[{"href":"https:\/\/www.silven.fi\/index.php\/wp-json\/wp\/v2\/posts"}],"about":[{"href":"https:\/\/www.silven.fi\/index.php\/wp-json\/wp\/v2\/types\/post"}],"author":[{"embeddable":true,"href":"https:\/\/www.silven.fi\/index.php\/wp-json\/wp\/v2\/users\/1"}],"replies":[{"embeddable":true,"href":"https:\/\/www.silven.fi\/index.php\/wp-json\/wp\/v2\/comments?post=3440"}],"version-history":[{"count":19,"href":"https:\/\/www.silven.fi\/index.php\/wp-json\/wp\/v2\/posts\/3440\/revisions"}],"predecessor-version":[{"id":3548,"href":"https:\/\/www.silven.fi\/index.php\/wp-json\/wp\/v2\/posts\/3440\/revisions\/3548"}],"wp:attachment":[{"href":"https:\/\/www.silven.fi\/index.php\/wp-json\/wp\/v2\/media?parent=3440"}],"wp:term":[{"taxonomy":"category","embeddable":true,"href":"https:\/\/www.silven.fi\/index.php\/wp-json\/wp\/v2\/categories?post=3440"},{"taxonomy":"post_tag","embeddable":true,"href":"https:\/\/www.silven.fi\/index.php\/wp-json\/wp\/v2\/tags?post=3440"}],"curies":[{"name":"wp","href":"https:\/\/api.w.org\/{rel}","templated":true}]}}