{"id":3666,"date":"2023-01-10T07:58:00","date_gmt":"2023-01-10T05:58:00","guid":{"rendered":"https:\/\/www.silven.fi\/?p=3666"},"modified":"2023-01-10T08:01:18","modified_gmt":"2023-01-10T06:01:18","slug":"dataa-tarvittaisiin","status":"publish","type":"post","link":"https:\/\/www.silven.fi\/index.php\/2023\/01\/10\/dataa-tarvittaisiin\/","title":{"rendered":"Dataa tarvittaisiin"},"content":{"rendered":"\n<p>Seniorikansalaisena ymm\u00e4rryskykyni on saattanut heikenty\u00e4. Siksikin haluaisin selke\u00e4\u00e4 dataa, jotta varmuudella tiet\u00e4isin, mihin suuntaan yliopistomme koulutustulos on kehittym\u00e4ss\u00e4. T\u00e4m\u00e4 kertoisi mahdollisesti k\u00e4ynniss\u00e4 olevien kehitystoimien vaikutuksesta. Ennen kaikkea tieto auttaisi tulevissa resurssien suuntausp\u00e4\u00e4t\u00f6ksiss\u00e4. <\/p>\n\n\n\n<p>Valitettavasti yliopistomme sis\u00e4isen koulutusdatan puutteessa joudun k\u00e4ytt\u00e4m\u00e4\u00e4n opetus- ja kulttuuriministeri\u00f6n Vipunen ja Extra-Vipunen -palveluita. Niiss\u00e4 on puutteensa. Sis\u00e4inen aloitusvuosi- ja tutkinto-ohjelmakohtainen data kertoisi tilanteen paljon kohdennetummin ja ajantasaisemmin.<\/p>\n\n\n\n<p>Meill\u00e4 on eritt\u00e4in hyv\u00e4t n\u00e4yt\u00f6t kyvyst\u00e4mme parantaa. T\u00e4m\u00e4 n\u00e4kyy julkisessa datassa. Miksi emme osaamistamme k\u00e4ytt\u00e4isi? Esimerkkin\u00e4 seuraavassa taulukossa on OKM:n data I-syklin opinnot aloittaneiden valmistumisista ainakin kandiksi nelj\u00e4ss\u00e4 vuodessa: <\/p>\n\n\n\n<figure class=\"wp-block-image size-full is-resized\"><img loading=\"lazy\" decoding=\"async\" src=\"https:\/\/www.silven.fi\/wp-content\/uploads\/2022\/12\/Isyklinvalmistuneet.jpg\" alt=\"\" class=\"wp-image-3667\" width=\"351\" height=\"246\" srcset=\"https:\/\/www.silven.fi\/wp-content\/uploads\/2022\/12\/Isyklinvalmistuneet.jpg 459w, https:\/\/www.silven.fi\/wp-content\/uploads\/2022\/12\/Isyklinvalmistuneet-300x210.jpg 300w\" sizes=\"auto, (max-width: 351px) 100vw, 351px\" \/><figcaption class=\"wp-element-caption\">OKM:n rahoitusmallissa tutkintopisteit\u00e4 kertyy enemm\u00e4n tavoiteajassa ja sen j\u00e4lkeen 12kk sis\u00e4ll\u00e4 valmistuneista. Kandintutkintojen tavoiteaika on  kolme vuotta.<\/figcaption><\/figure>\n\n\n\n<p>N\u00e4emme t\u00e4st\u00e4 datasta, ett\u00e4 muutkin yliopistot ovat osanneet nopeuttaa opintojaan. T\u00e4m\u00e4 tarkoittaa rahoituksessa opintojen nopeuttamistoimien tehon pienev\u00e4n tutkintovolyymien rinnalla. Mit\u00e4 useampi opiskelija valmistuu tavoiteajassa, sit\u00e4 v\u00e4hemm\u00e4n se painaa rahoituksessa.<\/p>\n\n\n\n<p>Olenkin huolestunut tulevista tutkintosaannoistamme. Nimitt\u00e4in viimeisimm\u00e4nkin julkisen opintojen etenemisdatan (2019\/20) perusteella keskeytt\u00e4miset ovat yliopistossamme selv\u00e4sti muita yleisempi\u00e4. Tuolloin opiskelijoistamme (pl. l\u00e4\u00e4ketiede) keskeytti ilman mit\u00e4\u00e4n tutkintoa 5.8% (579 kun 2019 uusia opiskelijoita aloitti 2238) vs. muissa yliopistoissa keskeytti 4.8%. <\/p>\n\n\n\n<p>Aivan varmasti pystyisimme parempaan. Palaan ensi viikolla vuotuisen keskeytys%:n merkitykseen. <\/p>\n","protected":false},"excerpt":{"rendered":"<p>Seniorikansalaisena ymm\u00e4rryskykyni on saattanut heikenty\u00e4. Siksikin haluaisin selke\u00e4\u00e4 dataa, jotta varmuudella tiet\u00e4isin, mihin suuntaan yliopistomme koulutustulos on kehittym\u00e4ss\u00e4. T\u00e4m\u00e4 kertoisi mahdollisesti k\u00e4ynniss\u00e4 olevien kehitystoimien vaikutuksesta. Ennen kaikkea tieto auttaisi tulevissa resurssien suuntausp\u00e4\u00e4t\u00f6ksiss\u00e4. Valitettavasti yliopistomme sis\u00e4isen koulutusdatan puutteessa joudun k\u00e4ytt\u00e4m\u00e4\u00e4n opetus- ja kulttuuriministeri\u00f6n Vipunen ja Extra-Vipunen -palveluita. Niiss\u00e4 on puutteensa. Sis\u00e4inen aloitusvuosi- ja tutkinto-ohjelmakohtainen data kertoisi&hellip; <a class=\"more-link\" href=\"https:\/\/www.silven.fi\/index.php\/2023\/01\/10\/dataa-tarvittaisiin\/\">Jatka lukemista <span class=\"screen-reader-text\">Dataa tarvittaisiin<\/span><\/a><\/p>\n","protected":false},"author":1,"featured_media":0,"comment_status":"open","ping_status":"open","sticky":false,"template":"","format":"standard","meta":{"footnotes":""},"categories":[1],"tags":[],"class_list":["post-3666","post","type-post","status-publish","format-standard","hentry","category-uncategorized","entry"],"_links":{"self":[{"href":"https:\/\/www.silven.fi\/index.php\/wp-json\/wp\/v2\/posts\/3666","targetHints":{"allow":["GET"]}}],"collection":[{"href":"https:\/\/www.silven.fi\/index.php\/wp-json\/wp\/v2\/posts"}],"about":[{"href":"https:\/\/www.silven.fi\/index.php\/wp-json\/wp\/v2\/types\/post"}],"author":[{"embeddable":true,"href":"https:\/\/www.silven.fi\/index.php\/wp-json\/wp\/v2\/users\/1"}],"replies":[{"embeddable":true,"href":"https:\/\/www.silven.fi\/index.php\/wp-json\/wp\/v2\/comments?post=3666"}],"version-history":[{"count":19,"href":"https:\/\/www.silven.fi\/index.php\/wp-json\/wp\/v2\/posts\/3666\/revisions"}],"predecessor-version":[{"id":3793,"href":"https:\/\/www.silven.fi\/index.php\/wp-json\/wp\/v2\/posts\/3666\/revisions\/3793"}],"wp:attachment":[{"href":"https:\/\/www.silven.fi\/index.php\/wp-json\/wp\/v2\/media?parent=3666"}],"wp:term":[{"taxonomy":"category","embeddable":true,"href":"https:\/\/www.silven.fi\/index.php\/wp-json\/wp\/v2\/categories?post=3666"},{"taxonomy":"post_tag","embeddable":true,"href":"https:\/\/www.silven.fi\/index.php\/wp-json\/wp\/v2\/tags?post=3666"}],"curies":[{"name":"wp","href":"https:\/\/api.w.org\/{rel}","templated":true}]}}