{"id":3911,"date":"2023-02-21T07:25:00","date_gmt":"2023-02-21T05:25:00","guid":{"rendered":"https:\/\/www.silven.fi\/?p=3911"},"modified":"2023-02-21T07:07:53","modified_gmt":"2023-02-21T05:07:53","slug":"rehtoriitis","status":"publish","type":"post","link":"https:\/\/www.silven.fi\/index.php\/2023\/02\/21\/rehtoriitis\/","title":{"rendered":"Rehtoriitis?"},"content":{"rendered":"\n<p><a href=\"https:\/\/www.hs.fi\/politiikka\/art-2000009385568.html\">Helsingin Sanomat otsikoi  lauantaina 18.2.2023 <\/a>seuraavasti:<\/p>\n\n\n\n<figure class=\"wp-block-image size-full is-resized\"><img loading=\"lazy\" decoding=\"async\" src=\"https:\/\/www.silven.fi\/wp-content\/uploads\/2023\/02\/hsotsikko23022023.png\" alt=\"\" class=\"wp-image-3913\" width=\"432\" height=\"58\" srcset=\"https:\/\/www.silven.fi\/wp-content\/uploads\/2023\/02\/hsotsikko23022023.png 625w, https:\/\/www.silven.fi\/wp-content\/uploads\/2023\/02\/hsotsikko23022023-300x41.png 300w\" sizes=\"auto, (max-width: 432px) 100vw, 432px\" \/><\/figure>\n\n\n\n<p>En pysty ottamaan aivovuotoon kantaa, mutta artikkelissa Helsingin yliopiston rehtori kertoo Uusimaalta l\u00e4htev\u00e4n vuosittain 5000 p\u00e4\u00e4t\u00e4 opiskelemaan ulkomaisiin opinahjoihin. T\u00e4ll\u00e4 h\u00e4n perustelee 5000 lis\u00e4opiskelupaikan tarvetta Uusimaan korkeakoulutukseen.<\/p>\n\n\n\n<figure class=\"wp-block-image size-full is-resized\"><img loading=\"lazy\" decoding=\"async\" src=\"https:\/\/www.silven.fi\/wp-content\/uploads\/2023\/02\/lindblomvaite18022023.png\" alt=\"\" class=\"wp-image-3914\" width=\"548\" height=\"93\" srcset=\"https:\/\/www.silven.fi\/wp-content\/uploads\/2023\/02\/lindblomvaite18022023.png 883w, https:\/\/www.silven.fi\/wp-content\/uploads\/2023\/02\/lindblomvaite18022023-300x51.png 300w, https:\/\/www.silven.fi\/wp-content\/uploads\/2023\/02\/lindblomvaite18022023-768x131.png 768w\" sizes=\"auto, (max-width: 548px) 100vw, 548px\" \/><\/figure>\n\n\n\n<p>Olen aiemmin useita kertoja tarkistanut Oulun yliopiston johdon v\u00e4itt\u00e4mi\u00e4 todetakseni ne tosiasioihin verrattuna &#8221;l\u00f6ys\u00e4hk\u00f6iksi&#8221;. Nyt Helsingin yliopiston rehtorin mainitseman luvun suuruusluokka kiinnitti huomioni, sill\u00e4 olin aiemmin tarkastellut opiskelijoiden l\u00e4ht\u00f6- ja sijoittumismaakuntia. <\/p>\n\n\n\n<p>T\u00e4ll\u00e4 er\u00e4\u00e4 riitt\u00e4nee tarkastella pelk\u00e4st\u00e4\u00e4n Uusimaan ylioppilaita ja Uusimaan korkeakouluista paikan vastaanottaneita ensikertaisina opiskelemaan syklin I valinnoissa hakeneita. Alla oleva taulukko ei tarvinne selityst\u00e4.  <\/p>\n\n\n\n<figure class=\"wp-block-image size-full is-resized\"><img loading=\"lazy\" decoding=\"async\" src=\"https:\/\/www.silven.fi\/wp-content\/uploads\/2023\/02\/Tilasto_vastine.png\" alt=\"\" class=\"wp-image-3915\" width=\"497\" height=\"226\" srcset=\"https:\/\/www.silven.fi\/wp-content\/uploads\/2023\/02\/Tilasto_vastine.png 652w, https:\/\/www.silven.fi\/wp-content\/uploads\/2023\/02\/Tilasto_vastine-300x137.png 300w\" sizes=\"auto, (max-width: 497px) 100vw, 497px\" \/><figcaption class=\"wp-element-caption\">L\u00e4hde https:\/\/vipunen.fi<\/figcaption><\/figure>\n\n\n\n<p>Kommentoin kuitenkin: Helsingin yliopiston rehtorin mukaan Uusimaalta l\u00e4htee ulkomaille opiskelemaan  &#8221;vuosittain noin 5000 opiskelijaa ja ylikin&#8221;. T\u00e4m\u00e4 on puolet (ja ylikin) alueen korkeakouluista opiskelupaikan ensikertaisina vastaanottaneista Uudenmaan omista ylioppilaista. <\/p>\n\n\n\n<p>Siten taulukon oikeanpuoleisin sarake ei voine p\u00e4te\u00e4. Onko opetus- ja kulttuuriministeri\u00f6n https:\/\/www.vipunen.fi todellakin v\u00e4\u00e4r\u00e4ss\u00e4? Onko Helsingin Sanomat siteerannut v\u00e4\u00e4rin?<\/p>\n\n\n\n<p>Mahdollisista vaihtoehtoisista selityksist\u00e4 huolimatta j\u00e4\u00e4n pohtimaan, tarttuuko joidenkin yliopistojen rehtoreihin &#8221;rehtoriitis&#8221; -tauti? Sen saaneilta vaikuttaa katoavan lukujen ja kenties muidenkin tosiasioiden ymm\u00e4rrys. Muuttuuko jokainen v\u00e4itt\u00e4m\u00e4 faktaksi yliopiston rehtorin arvovallallaan lausumana?<\/p>\n\n\n\n<p><\/p>\n","protected":false},"excerpt":{"rendered":"<p>Helsingin Sanomat otsikoi lauantaina 18.2.2023 seuraavasti: En pysty ottamaan aivovuotoon kantaa, mutta artikkelissa Helsingin yliopiston rehtori kertoo Uusimaalta l\u00e4htev\u00e4n vuosittain 5000 p\u00e4\u00e4t\u00e4 opiskelemaan ulkomaisiin opinahjoihin. T\u00e4ll\u00e4 h\u00e4n perustelee 5000 lis\u00e4opiskelupaikan tarvetta Uusimaan korkeakoulutukseen. Olen aiemmin useita kertoja tarkistanut Oulun yliopiston johdon v\u00e4itt\u00e4mi\u00e4 todetakseni ne tosiasioihin verrattuna &#8221;l\u00f6ys\u00e4hk\u00f6iksi&#8221;. Nyt Helsingin yliopiston rehtorin mainitseman luvun suuruusluokka kiinnitti&hellip; <a class=\"more-link\" href=\"https:\/\/www.silven.fi\/index.php\/2023\/02\/21\/rehtoriitis\/\">Jatka lukemista <span class=\"screen-reader-text\">Rehtoriitis?<\/span><\/a><\/p>\n","protected":false},"author":1,"featured_media":0,"comment_status":"open","ping_status":"open","sticky":false,"template":"","format":"standard","meta":{"footnotes":""},"categories":[1],"tags":[],"class_list":["post-3911","post","type-post","status-publish","format-standard","hentry","category-uncategorized","entry"],"_links":{"self":[{"href":"https:\/\/www.silven.fi\/index.php\/wp-json\/wp\/v2\/posts\/3911","targetHints":{"allow":["GET"]}}],"collection":[{"href":"https:\/\/www.silven.fi\/index.php\/wp-json\/wp\/v2\/posts"}],"about":[{"href":"https:\/\/www.silven.fi\/index.php\/wp-json\/wp\/v2\/types\/post"}],"author":[{"embeddable":true,"href":"https:\/\/www.silven.fi\/index.php\/wp-json\/wp\/v2\/users\/1"}],"replies":[{"embeddable":true,"href":"https:\/\/www.silven.fi\/index.php\/wp-json\/wp\/v2\/comments?post=3911"}],"version-history":[{"count":17,"href":"https:\/\/www.silven.fi\/index.php\/wp-json\/wp\/v2\/posts\/3911\/revisions"}],"predecessor-version":[{"id":3943,"href":"https:\/\/www.silven.fi\/index.php\/wp-json\/wp\/v2\/posts\/3911\/revisions\/3943"}],"wp:attachment":[{"href":"https:\/\/www.silven.fi\/index.php\/wp-json\/wp\/v2\/media?parent=3911"}],"wp:term":[{"taxonomy":"category","embeddable":true,"href":"https:\/\/www.silven.fi\/index.php\/wp-json\/wp\/v2\/categories?post=3911"},{"taxonomy":"post_tag","embeddable":true,"href":"https:\/\/www.silven.fi\/index.php\/wp-json\/wp\/v2\/tags?post=3911"}],"curies":[{"name":"wp","href":"https:\/\/api.w.org\/{rel}","templated":true}]}}