{"id":3975,"date":"2023-04-11T07:41:00","date_gmt":"2023-04-11T04:41:00","guid":{"rendered":"https:\/\/www.silven.fi\/?p=3975"},"modified":"2023-04-07T13:51:17","modified_gmt":"2023-04-07T10:51:17","slug":"mista-data-ja-ymmarrys","status":"publish","type":"post","link":"https:\/\/www.silven.fi\/index.php\/2023\/04\/11\/mista-data-ja-ymmarrys\/","title":{"rendered":"Mist\u00e4 data ja ymm\u00e4rrys?"},"content":{"rendered":"\n<p>Yliopistomme ICT-palveluissa ty\u00f6skentelee puhelinluettelon mukaan yli 100 henkil\u00f6\u00e4. Ymm\u00e4rrykseni mukaan heid\u00e4n ty\u00f6panostensa suuntaamisen p\u00e4\u00e4tt\u00e4\u00e4 sek\u00e4 tuon yksik\u00f6n ett\u00e4 yliopiston ylin johto. Prim\u00e4\u00e4risti tietenkin j\u00e4lkimm\u00e4inen taho. Ainakin jossain roolissa on strategia ja yliopistopolitiikka -yksikk\u00f6, jossa puhelinluettelon mukaan ty\u00f6skentelee 32 henkil\u00f6\u00e4.<\/p>\n\n\n\n<p>Noista resursseista huolimatta koulutuksen analytiikkatarpeita ei yliopistossamme ole priorisoitu strategisena seikkana.  <a href=\"https:\/\/raportointi.oulu.fi\" data-type=\"URL\" data-id=\"https:\/\/raportointi.oulu.fi\">Raportointiportaali<\/a> kertoo t\u00e4m\u00e4n seuraavasti:<\/p>\n\n\n\n<figure class=\"wp-block-image size-large\"><img loading=\"lazy\" decoding=\"async\" width=\"1024\" height=\"280\" src=\"https:\/\/www.silven.fi\/wp-content\/uploads\/2023\/03\/Frozen_situation-1024x280.jpg\" alt=\"\" class=\"wp-image-3976\" srcset=\"https:\/\/www.silven.fi\/wp-content\/uploads\/2023\/03\/Frozen_situation-1024x280.jpg 1024w, https:\/\/www.silven.fi\/wp-content\/uploads\/2023\/03\/Frozen_situation-300x82.jpg 300w, https:\/\/www.silven.fi\/wp-content\/uploads\/2023\/03\/Frozen_situation-768x210.jpg 768w, https:\/\/www.silven.fi\/wp-content\/uploads\/2023\/03\/Frozen_situation.jpg 1228w\" sizes=\"auto, (max-width: 1024px) 100vw, 1024px\" \/><\/figure>\n\n\n\n<p>Todellakin:<\/p>\n\n\n\n<figure class=\"wp-block-image size-full is-resized\"><img loading=\"lazy\" decoding=\"async\" src=\"https:\/\/www.silven.fi\/wp-content\/uploads\/2023\/03\/highlight_2021.jpg\" alt=\"\" class=\"wp-image-3981\" width=\"507\" height=\"95\" srcset=\"https:\/\/www.silven.fi\/wp-content\/uploads\/2023\/03\/highlight_2021.jpg 384w, https:\/\/www.silven.fi\/wp-content\/uploads\/2023\/03\/highlight_2021-300x56.jpg 300w\" sizes=\"auto, (max-width: 507px) 100vw, 507px\" \/><\/figure>\n\n\n\n<p>Siis mit\u00e4\u00e4n ei ole tapahtunut lokakuun 2021 j\u00e4lkeen. Ty\u00f6panokset on k\u00e4ytetty johonkin muuhun.  Koulutuksen data on kiistatta katsottu toisarvoiseksi.<\/p>\n\n\n\n<p>Toinen asia on, ett\u00e4 tarjolla olevat vanhentuneet raportitkin kertovat ainoastaan keskiarvoista mm. unohtaen kapeikkojen tunnistukselle ja kehitystoimille olennaiset jakaumatiedot. Tuollaisen eritt\u00e4in hy\u00f6dyllisen tiedon k\u00e4tkenn\u00e4n syit\u00e4 voi pohtia. <\/p>\n\n\n\n<p>Jopa OKM vaikuttaa asiantuntevammalta. Nimitt\u00e4in t\u00e4ss\u00e4 blogissa Oulun yliopiston koulutukseen ja tutkimukseen liittyv\u00e4n datan osalta olen joutunut nojaamaan OKM:n <a href=\"https:\/\/vipunen.fi\" data-type=\"URL\" data-id=\"https:\/\/vipunen.fi\">Vipuseen<\/a>. Valitettavasti sen tiedoista suurin osa p\u00e4ivittyy kuukausia vuodenvaihteiden j\u00e4lkeen. Lis\u00e4ksi tutkinto-ohjelmakohtaisia opintojen edistymistietoja sen palveluista on vaikea haarukoida.<\/p>\n\n\n\n<p>Tietenk\u00e4\u00e4n mill\u00e4\u00e4n tiedolla ei ole merkityst\u00e4, jos se ei mitenk\u00e4\u00e4n vaikuta yliopistomme johdon toimintaan.  <\/p>\n","protected":false},"excerpt":{"rendered":"<p>Yliopistomme ICT-palveluissa ty\u00f6skentelee puhelinluettelon mukaan yli 100 henkil\u00f6\u00e4. Ymm\u00e4rrykseni mukaan heid\u00e4n ty\u00f6panostensa suuntaamisen p\u00e4\u00e4tt\u00e4\u00e4 sek\u00e4 tuon yksik\u00f6n ett\u00e4 yliopiston ylin johto. Prim\u00e4\u00e4risti tietenkin j\u00e4lkimm\u00e4inen taho. Ainakin jossain roolissa on strategia ja yliopistopolitiikka -yksikk\u00f6, jossa puhelinluettelon mukaan ty\u00f6skentelee 32 henkil\u00f6\u00e4. Noista resursseista huolimatta koulutuksen analytiikkatarpeita ei yliopistossamme ole priorisoitu strategisena seikkana. Raportointiportaali kertoo t\u00e4m\u00e4n seuraavasti: Todellakin:&hellip; <a class=\"more-link\" href=\"https:\/\/www.silven.fi\/index.php\/2023\/04\/11\/mista-data-ja-ymmarrys\/\">Jatka lukemista <span class=\"screen-reader-text\">Mist\u00e4 data ja ymm\u00e4rrys?<\/span><\/a><\/p>\n","protected":false},"author":1,"featured_media":0,"comment_status":"open","ping_status":"open","sticky":false,"template":"","format":"standard","meta":{"footnotes":""},"categories":[1],"tags":[],"class_list":["post-3975","post","type-post","status-publish","format-standard","hentry","category-uncategorized","entry"],"_links":{"self":[{"href":"https:\/\/www.silven.fi\/index.php\/wp-json\/wp\/v2\/posts\/3975","targetHints":{"allow":["GET"]}}],"collection":[{"href":"https:\/\/www.silven.fi\/index.php\/wp-json\/wp\/v2\/posts"}],"about":[{"href":"https:\/\/www.silven.fi\/index.php\/wp-json\/wp\/v2\/types\/post"}],"author":[{"embeddable":true,"href":"https:\/\/www.silven.fi\/index.php\/wp-json\/wp\/v2\/users\/1"}],"replies":[{"embeddable":true,"href":"https:\/\/www.silven.fi\/index.php\/wp-json\/wp\/v2\/comments?post=3975"}],"version-history":[{"count":15,"href":"https:\/\/www.silven.fi\/index.php\/wp-json\/wp\/v2\/posts\/3975\/revisions"}],"predecessor-version":[{"id":4090,"href":"https:\/\/www.silven.fi\/index.php\/wp-json\/wp\/v2\/posts\/3975\/revisions\/4090"}],"wp:attachment":[{"href":"https:\/\/www.silven.fi\/index.php\/wp-json\/wp\/v2\/media?parent=3975"}],"wp:term":[{"taxonomy":"category","embeddable":true,"href":"https:\/\/www.silven.fi\/index.php\/wp-json\/wp\/v2\/categories?post=3975"},{"taxonomy":"post_tag","embeddable":true,"href":"https:\/\/www.silven.fi\/index.php\/wp-json\/wp\/v2\/tags?post=3975"}],"curies":[{"name":"wp","href":"https:\/\/api.w.org\/{rel}","templated":true}]}}