{"id":4012,"date":"2023-03-28T07:11:00","date_gmt":"2023-03-28T04:11:00","guid":{"rendered":"https:\/\/www.silven.fi\/?p=4012"},"modified":"2023-03-27T09:49:50","modified_gmt":"2023-03-27T06:49:50","slug":"ennen-ja-nyt","status":"publish","type":"post","link":"https:\/\/www.silven.fi\/index.php\/2023\/03\/28\/ennen-ja-nyt\/","title":{"rendered":"Ennen ja nyt"},"content":{"rendered":"\n<p>Ennen muinoin yliopistomme hallituksen kokousp\u00f6yt\u00e4kirjat julkaistiin keskeisten liitteiden kanssa. Nuo aiemmat p\u00f6yt\u00e4kirjat on kuitenkin poistettu verkkosivultamme, joten ne on yksil\u00f6idysti pyydett\u00e4v\u00e4 kirjaamosta. Mutta kuka osaa yksil\u00f6id\u00e4, jos ei tied\u00e4, mit\u00e4 hakee?<\/p>\n\n\n\n<p>Niinp\u00e4 monella yhteis\u00f6mme j\u00e4senell\u00e4 ei ole k\u00e4sityst\u00e4 miten oli ennen ja miten voisi olla edelleenkin. Nyt hallituksen p\u00f6yt\u00e4kirjat on typistetty asteelle, josta ainakin minun on usein vaikea p\u00e4\u00e4tell\u00e4 mill\u00e4 perustein mit\u00e4kin on p\u00e4\u00e4tetty. <\/p>\n\n\n\n<p>Tarkastelkaamme vertailun esimerkkin\u00e4 t\u00e4st\u00e4 <a href=\"https:\/\/1drv.ms\/b\/s!Aj4vSkgQJ7-AkNglToaEZfZkZgtCDw?e=NBndbp\">linkist\u00e4 tarjolle laittamaani hallituksen vuoden 2013 joulukuun kokouksen p\u00f6yt\u00e4kirjaa<\/a> (18.12.2013). Siihen voi palata alempana esitt\u00e4m\u00e4ni varmistamiseksi. <\/p>\n\n\n\n<p>P\u00f6yt\u00e4kirjan 18.12.2013 liitteen\u00e4 on toiminta- ja taloussuunnitelma vuosille 2014-16 ja budjetti 2014. Kyseess\u00e4 on huolellisen suunnittelun tulos, jollaista ei h\u00e4vetty esitt\u00e4\u00e4 yliopistoyhteis\u00f6lle. Siin\u00e4 ei ollut mit\u00e4\u00e4n uutta ja yll\u00e4tt\u00e4v\u00e4\u00e4. Valmisteluhan oli tehty tiedekuntien kanssa ja suunnitelman osat oli jo aiemmin esitetty yhteis\u00f6lle. <\/p>\n\n\n\n<p>Yliopistoyhteis\u00f6mme j\u00e4senet osaavat suunnitella, arvioida suunnitelmia ja suhteuttaa niiden toteutumisen vaikutukset omaan toimintaansa. He osaavat my\u00f6s k\u00e4yd\u00e4 suunnitelmista asiallista keskustelua. Voimmekin pohtia, miksi esimerkiksi hallituksen joulukuun kokouksessa 13.12.2022 hyv\u00e4ksym\u00e4 viimeisin budjetti ja toimintasuunnitelma ei ole <a href=\"https:\/\/ouluyo.oncloudos.com\/aski\/20229108.PDF\">p\u00f6yt\u00e4kirjan<\/a> liitteen\u00e4. <em>Sit\u00e4 ei edes mainita liitteen\u00e4.<\/em> Miksi? <\/p>\n\n\n\n<p>Jokainen yhteis\u00f6mme j\u00e4sen voi yritt\u00e4\u00e4 hakea ko. dokumentteja Patiosta. En kyennyt niit\u00e4 l\u00f6yt\u00e4m\u00e4\u00e4n.<\/p>\n\n\n\n<p>Toiminta- ja taloussuunnitelmassa 2014-16 on yhteis\u00f6\u00e4mme ehk\u00e4 edelleenkin kiinnostavaa tiloihimme liittynytt\u00e4 suunnittelutietoa. Esimerkiksi taulukko 13 dokumentoi sek\u00e4 tehdyt ett\u00e4 suunnitellut tilaluovutukset kustannusmuutoksineen vuosina 2011-2018.  Jokainen  voi arvioida vuonna 2013 tehty\u00e4 taustaty\u00f6t\u00e4.<\/p>\n\n\n\n<figure class=\"wp-block-image size-full\"><img loading=\"lazy\" decoding=\"async\" width=\"771\" height=\"790\" src=\"https:\/\/www.silven.fi\/wp-content\/uploads\/2023\/03\/Tliamuutokset2011_18.png\" alt=\"\" class=\"wp-image-4013\" srcset=\"https:\/\/www.silven.fi\/wp-content\/uploads\/2023\/03\/Tliamuutokset2011_18.png 771w, https:\/\/www.silven.fi\/wp-content\/uploads\/2023\/03\/Tliamuutokset2011_18-293x300.png 293w, https:\/\/www.silven.fi\/wp-content\/uploads\/2023\/03\/Tliamuutokset2011_18-768x787.png 768w\" sizes=\"auto, (max-width: 771px) 100vw, 771px\" \/><\/figure>\n\n\n\n<p>Tilakustannuksia hallittiin  toiminnot edell\u00e4. Pelk\u00e4st\u00e4\u00e4n yliopiston lukuj\u00e4rjestyksen suunnittelu nollasi jo 2012 noin 100 opetustilan k\u00e4yt\u00f6n. T\u00e4m\u00e4 mahdollisti tiivist\u00e4miset, joiden j\u00e4lkeen pystyttiin tilaluovutuksiin. <\/p>\n\n\n\n<p>Osa tilank\u00e4yt\u00f6n muutoksista oli seurausta OKM:n sanelusta: jouduimme luopumaan opettajankoulutuksesta Kajaanissa. Sen siirt\u00e4minen Ouluun vaati opetusharjoittelukapasiteetin kasvattamista Koskelan koulun avulla.<\/p>\n\n\n\n<p>My\u00f6s peruskorjaus-, tilamuutos- ja uudisrakennushankkeet on kaikkine kustannusarvioineen dokumentoitu. P\u00f6yt\u00e4kirjan 18.12.2013 liitteen\u00e4 nekin on saatettu koko yliopistoyhteis\u00f6mme tietoon.<\/p>\n\n\n\n<figure class=\"wp-block-image size-full\"><img loading=\"lazy\" decoding=\"async\" width=\"934\" height=\"808\" src=\"https:\/\/www.silven.fi\/wp-content\/uploads\/2023\/03\/Peruskorjaukset_2011_2018-1.png\" alt=\"\" class=\"wp-image-4015\" srcset=\"https:\/\/www.silven.fi\/wp-content\/uploads\/2023\/03\/Peruskorjaukset_2011_2018-1.png 934w, https:\/\/www.silven.fi\/wp-content\/uploads\/2023\/03\/Peruskorjaukset_2011_2018-1-300x260.png 300w, https:\/\/www.silven.fi\/wp-content\/uploads\/2023\/03\/Peruskorjaukset_2011_2018-1-768x664.png 768w\" sizes=\"auto, (max-width: 934px) 100vw, 934px\" \/><\/figure>\n\n\n\n<p>Jokainen huomannee, ett\u00e4 kyse ei ollu pelk\u00e4st\u00e4\u00e4n Linnanmaasta vaan my\u00f6s Kontinkankaan toiminnoista.<\/p>\n\n\n\n<p>Lopuksi tilahanketiedot kustannusvaikutuksineen koottiin yhteenvetoon:<\/p>\n\n\n\n<figure class=\"wp-block-image size-full\"><img loading=\"lazy\" decoding=\"async\" width=\"928\" height=\"379\" src=\"https:\/\/www.silven.fi\/wp-content\/uploads\/2023\/03\/Tilakulumuutokjset_2014_18.png\" alt=\"\" class=\"wp-image-4016\" srcset=\"https:\/\/www.silven.fi\/wp-content\/uploads\/2023\/03\/Tilakulumuutokjset_2014_18.png 928w, https:\/\/www.silven.fi\/wp-content\/uploads\/2023\/03\/Tilakulumuutokjset_2014_18-300x123.png 300w, https:\/\/www.silven.fi\/wp-content\/uploads\/2023\/03\/Tilakulumuutokjset_2014_18-768x314.png 768w\" sizes=\"auto, (max-width: 928px) 100vw, 928px\" \/><\/figure>\n\n\n\n<p>Nykyisin yliopistoyhteis\u00f6llemme ei tarjota vastaavaa tietoa. Miksi? <\/p>\n\n\n\n<p>P\u00f6yt\u00e4kirjan 18.12.2013 liitteen kaltaiset  koko yhteis\u00f6lle jaetut tiedot on yliopistossamme nykyisin salattu per\u00e4ti julkisuuslakiin vetoamalla. T\u00e4llaisesta ylimm\u00e4n johtomme harjoittamasta piiloleikist\u00e4 on n\u00e4ytt\u00f6 mm. <a href=\"https:\/\/www.silven.fi\/index.php\/2022\/01\/03\/alakoulu-kampusrakennukseen\/\">Oulun normaalikoulun tilaratkaisujen suunnittelun<\/a> kohdalla. <\/p>\n","protected":false},"excerpt":{"rendered":"<p>Ennen muinoin yliopistomme hallituksen kokousp\u00f6yt\u00e4kirjat julkaistiin keskeisten liitteiden kanssa. Nuo aiemmat p\u00f6yt\u00e4kirjat on kuitenkin poistettu verkkosivultamme, joten ne on yksil\u00f6idysti pyydett\u00e4v\u00e4 kirjaamosta. Mutta kuka osaa yksil\u00f6id\u00e4, jos ei tied\u00e4, mit\u00e4 hakee? Niinp\u00e4 monella yhteis\u00f6mme j\u00e4senell\u00e4 ei ole k\u00e4sityst\u00e4 miten oli ennen ja miten voisi olla edelleenkin. Nyt hallituksen p\u00f6yt\u00e4kirjat on typistetty asteelle, josta ainakin minun&hellip; <a class=\"more-link\" href=\"https:\/\/www.silven.fi\/index.php\/2023\/03\/28\/ennen-ja-nyt\/\">Jatka lukemista <span class=\"screen-reader-text\">Ennen ja nyt<\/span><\/a><\/p>\n","protected":false},"author":1,"featured_media":0,"comment_status":"open","ping_status":"open","sticky":false,"template":"","format":"standard","meta":{"footnotes":""},"categories":[1],"tags":[],"class_list":["post-4012","post","type-post","status-publish","format-standard","hentry","category-uncategorized","entry"],"_links":{"self":[{"href":"https:\/\/www.silven.fi\/index.php\/wp-json\/wp\/v2\/posts\/4012","targetHints":{"allow":["GET"]}}],"collection":[{"href":"https:\/\/www.silven.fi\/index.php\/wp-json\/wp\/v2\/posts"}],"about":[{"href":"https:\/\/www.silven.fi\/index.php\/wp-json\/wp\/v2\/types\/post"}],"author":[{"embeddable":true,"href":"https:\/\/www.silven.fi\/index.php\/wp-json\/wp\/v2\/users\/1"}],"replies":[{"embeddable":true,"href":"https:\/\/www.silven.fi\/index.php\/wp-json\/wp\/v2\/comments?post=4012"}],"version-history":[{"count":17,"href":"https:\/\/www.silven.fi\/index.php\/wp-json\/wp\/v2\/posts\/4012\/revisions"}],"predecessor-version":[{"id":4053,"href":"https:\/\/www.silven.fi\/index.php\/wp-json\/wp\/v2\/posts\/4012\/revisions\/4053"}],"wp:attachment":[{"href":"https:\/\/www.silven.fi\/index.php\/wp-json\/wp\/v2\/media?parent=4012"}],"wp:term":[{"taxonomy":"category","embeddable":true,"href":"https:\/\/www.silven.fi\/index.php\/wp-json\/wp\/v2\/categories?post=4012"},{"taxonomy":"post_tag","embeddable":true,"href":"https:\/\/www.silven.fi\/index.php\/wp-json\/wp\/v2\/tags?post=4012"}],"curies":[{"name":"wp","href":"https:\/\/api.w.org\/{rel}","templated":true}]}}