{"id":4222,"date":"2023-05-23T07:45:00","date_gmt":"2023-05-23T04:45:00","guid":{"rendered":"https:\/\/www.silven.fi\/?p=4222"},"modified":"2023-05-22T08:06:57","modified_gmt":"2023-05-22T05:06:57","slug":"tiedekuntien-johtosaantolausunnot","status":"publish","type":"post","link":"https:\/\/www.silven.fi\/index.php\/2023\/05\/23\/tiedekuntien-johtosaantolausunnot\/","title":{"rendered":"Tiedekuntien johtos\u00e4\u00e4nt\u00f6lausunnot"},"content":{"rendered":"\n<p>Yliopistomme tiedekunnat yht\u00e4 lukuunottamatta antoivat vastineensa hallituksen suunnitelmaan muuttaa johtos\u00e4\u00e4nt\u00f6\u00e4 eli k\u00e4yttiv\u00e4t mahdollisuutensa vuorovaikutukseen yliopiston ylimm\u00e4n johdon kanssa. Niinp\u00e4 alla tiivistetyt tiedekuntien kohtalaisen varovaiset kannanotot kertovat jotain olennaista yliopistostamme. Niit\u00e4 sopii verrata <a href=\"https:\/\/www.silven.fi\/index.php\/2023\/05\/16\/kollegion-johtosaantolausunto\/\">kollegion kohta kohdalta perusteltuun lausuntoon<\/a>. <\/p>\n\n\n\n<p>T\u00e4ss\u00e4 yhteydess\u00e4 on muistettava nykyisen johtos\u00e4\u00e4nn\u00f6n riist\u00e4neen vaaleilla valituilta tiedekuntahallituksilta kaiken p\u00e4\u00e4t\u00f6svallan. Valta on dekaaneilla ja varsinaisesti heid\u00e4t nimitt\u00e4v\u00e4ll\u00e4 ja erottavalla rehtorilla.<\/p>\n\n\n\n<p>Lausunnossaan teknillinen tiedekunta haluaa dekaanille tosiasiallisen mahdollisuuden valita koulutusdekaani. Voimme pohtia, mist\u00e4 toive kertoo. Toisaalta tiedekunta ei halua puuttua rehtorin oikeuteen nimet\u00e4 dekaani tiedekunnan kannasta riippumatta. <\/p>\n\n\n\n<figure class=\"wp-block-image size-full\"><img loading=\"lazy\" decoding=\"async\" width=\"897\" height=\"214\" src=\"https:\/\/www.silven.fi\/wp-content\/uploads\/2023\/05\/TTK_lausunto.jpg\" alt=\"\" class=\"wp-image-4223\" srcset=\"https:\/\/www.silven.fi\/wp-content\/uploads\/2023\/05\/TTK_lausunto.jpg 897w, https:\/\/www.silven.fi\/wp-content\/uploads\/2023\/05\/TTK_lausunto-300x72.jpg 300w, https:\/\/www.silven.fi\/wp-content\/uploads\/2023\/05\/TTK_lausunto-768x183.jpg 768w\" sizes=\"auto, (max-width: 897px) 100vw, 897px\" \/><\/figure>\n\n\n\n<p>Tieto- ja s\u00e4hk\u00f6tekniikan tiedekunta haluaa kasvattaa varadekaanien lukum\u00e4\u00e4r\u00e4\u00e4. Toisaalta se ei halua puuttua rehtorin oikeuteen valita heid\u00e4t mielens\u00e4 mukaan:<\/p>\n\n\n\n<figure class=\"wp-block-image size-full is-resized\"><img loading=\"lazy\" decoding=\"async\" src=\"https:\/\/www.silven.fi\/wp-content\/uploads\/2023\/05\/TST_lausunto.jpg\" alt=\"\" class=\"wp-image-4224\" width=\"530\" height=\"184\" srcset=\"https:\/\/www.silven.fi\/wp-content\/uploads\/2023\/05\/TST_lausunto.jpg 784w, https:\/\/www.silven.fi\/wp-content\/uploads\/2023\/05\/TST_lausunto-300x104.jpg 300w, https:\/\/www.silven.fi\/wp-content\/uploads\/2023\/05\/TST_lausunto-768x267.jpg 768w\" sizes=\"auto, (max-width: 530px) 100vw, 530px\" \/><\/figure>\n\n\n\n<p>L\u00e4\u00e4ketieteellinen tiedekunta n\u00e4ytt\u00e4\u00e4 olevan samalla kannalla kollegion kanssa tiedekuntahallitusten teht\u00e4vist\u00e4. Vaaleilla valitun elimen m\u00e4\u00e4ritys pelk\u00e4ksi tukevaksi elimeksi on ollut erikoinen ratkaisu, jonka sopivuus pohjoismaiseen yhteiskuntaan ja hallintoon on hyvin kyseenalaista. Mallit l\u00f6ytyv\u00e4t diktatuureista.<\/p>\n\n\n\n<figure class=\"wp-block-image size-large\"><img loading=\"lazy\" decoding=\"async\" width=\"1024\" height=\"542\" src=\"https:\/\/www.silven.fi\/wp-content\/uploads\/2023\/05\/LTK_lausunto-1024x542.jpg\" alt=\"\" class=\"wp-image-4225\" srcset=\"https:\/\/www.silven.fi\/wp-content\/uploads\/2023\/05\/LTK_lausunto-1024x542.jpg 1024w, https:\/\/www.silven.fi\/wp-content\/uploads\/2023\/05\/LTK_lausunto-300x159.jpg 300w, https:\/\/www.silven.fi\/wp-content\/uploads\/2023\/05\/LTK_lausunto-768x407.jpg 768w, https:\/\/www.silven.fi\/wp-content\/uploads\/2023\/05\/LTK_lausunto.jpg 1059w\" sizes=\"auto, (max-width: 1024px) 100vw, 1024px\" \/><\/figure>\n\n\n\n<p>Luonnontieteellinen tiedekunta ei k\u00e4yt\u00e4nn\u00f6ss\u00e4 lausunut yht\u00e4\u00e4n mit\u00e4\u00e4n. Onko t\u00e4m\u00e4 siell\u00e4 haluttua vuorovaikutusta yliopiston johdon kanssa?<\/p>\n\n\n\n<figure class=\"wp-block-image size-full is-resized\"><img loading=\"lazy\" decoding=\"async\" src=\"https:\/\/www.silven.fi\/wp-content\/uploads\/2023\/05\/LuTK_lausunto.jpg\" alt=\"\" class=\"wp-image-4226\" width=\"514\" height=\"65\" srcset=\"https:\/\/www.silven.fi\/wp-content\/uploads\/2023\/05\/LuTK_lausunto.jpg 763w, https:\/\/www.silven.fi\/wp-content\/uploads\/2023\/05\/LuTK_lausunto-300x38.jpg 300w\" sizes=\"auto, (max-width: 514px) 100vw, 514px\" \/><\/figure>\n\n\n\n<p>Kasvatustieteiden ja psykologian tiedekunta on kollegion kanssa samoilla linjoilla. Dekaanit tulisi nimitt\u00e4\u00e4 tiedekuntien esityksist\u00e4 ja tiedekuntahallituksella tulisi olla oikeata valtaa:<\/p>\n\n\n\n<figure class=\"wp-block-image size-full\"><img loading=\"lazy\" decoding=\"async\" width=\"730\" height=\"178\" src=\"https:\/\/www.silven.fi\/wp-content\/uploads\/2023\/05\/KTPT_lausunto.jpg\" alt=\"\" class=\"wp-image-4227\" srcset=\"https:\/\/www.silven.fi\/wp-content\/uploads\/2023\/05\/KTPT_lausunto.jpg 730w, https:\/\/www.silven.fi\/wp-content\/uploads\/2023\/05\/KTPT_lausunto-300x73.jpg 300w\" sizes=\"auto, (max-width: 730px) 100vw, 730px\" \/><\/figure>\n\n\n\n<p>Humanistinen tiedekunta puuttuu johtos\u00e4\u00e4nn\u00f6n ep\u00e4m\u00e4\u00e4r\u00e4iseen lauseeseen, joka vaikuttaa antavan yliopiston toimivalle johdolle rajattomat valtuudet jopa hallituksen yli:<\/p>\n\n\n\n<figure class=\"wp-block-image size-full is-resized\"><img loading=\"lazy\" decoding=\"async\" src=\"https:\/\/www.silven.fi\/wp-content\/uploads\/2023\/05\/HuTK_lausunto.jpg\" alt=\"\" class=\"wp-image-4228\" width=\"460\" height=\"109\" srcset=\"https:\/\/www.silven.fi\/wp-content\/uploads\/2023\/05\/HuTK_lausunto.jpg 739w, https:\/\/www.silven.fi\/wp-content\/uploads\/2023\/05\/HuTK_lausunto-300x71.jpg 300w\" sizes=\"auto, (max-width: 460px) 100vw, 460px\" \/><\/figure>\n\n\n\n<p>Oulun yliopiston kauppakorkeakoulu on huomannut ongelmia  hallintorakenteessa ja menettelyiss\u00e4. Yhteis\u00f6llisyyden puute ja keskusjohtoisuus vaivaavat:<\/p>\n\n\n\n<figure class=\"wp-block-image size-large\"><img loading=\"lazy\" decoding=\"async\" width=\"1024\" height=\"436\" src=\"https:\/\/www.silven.fi\/wp-content\/uploads\/2023\/05\/OYKKK_lausunto-1024x436.jpg\" alt=\"\" class=\"wp-image-4229\" srcset=\"https:\/\/www.silven.fi\/wp-content\/uploads\/2023\/05\/OYKKK_lausunto-1024x436.jpg 1024w, https:\/\/www.silven.fi\/wp-content\/uploads\/2023\/05\/OYKKK_lausunto-300x128.jpg 300w, https:\/\/www.silven.fi\/wp-content\/uploads\/2023\/05\/OYKKK_lausunto-768x327.jpg 768w, https:\/\/www.silven.fi\/wp-content\/uploads\/2023\/05\/OYKKK_lausunto.jpg 1173w\" sizes=\"auto, (max-width: 1024px) 100vw, 1024px\" \/><\/figure>\n\n\n\n<p>Biokemian ja molekyylil\u00e4\u00e4ketieteen tiedekunta ei j\u00e4tt\u00e4nyt lausuntoa. <\/p>\n\n\n\n<p>Hallituksen kannan tiedekuntien ja kollegion esityksiin tulemme n\u00e4kem\u00e4\u00e4n.  Aikaa muutoksille on hyvin v\u00e4h\u00e4n, sill\u00e4 lausuntopyynn\u00f6ss\u00e4 uusitun johtos\u00e4\u00e4nn\u00f6n ilmoitettiin astuvan voimaan 1.6.2023. <\/p>\n\n\n\n<p>Pyysik\u00f6h\u00e4n hallitus lausunnot vain muodon vuoksi?<\/p>\n","protected":false},"excerpt":{"rendered":"<p>Yliopistomme tiedekunnat yht\u00e4 lukuunottamatta antoivat vastineensa hallituksen suunnitelmaan muuttaa johtos\u00e4\u00e4nt\u00f6\u00e4 eli k\u00e4yttiv\u00e4t mahdollisuutensa vuorovaikutukseen yliopiston ylimm\u00e4n johdon kanssa. Niinp\u00e4 alla tiivistetyt tiedekuntien kohtalaisen varovaiset kannanotot kertovat jotain olennaista yliopistostamme. Niit\u00e4 sopii verrata kollegion kohta kohdalta perusteltuun lausuntoon. T\u00e4ss\u00e4 yhteydess\u00e4 on muistettava nykyisen johtos\u00e4\u00e4nn\u00f6n riist\u00e4neen vaaleilla valituilta tiedekuntahallituksilta kaiken p\u00e4\u00e4t\u00f6svallan. Valta on dekaaneilla ja varsinaisesti heid\u00e4t&hellip; <a class=\"more-link\" href=\"https:\/\/www.silven.fi\/index.php\/2023\/05\/23\/tiedekuntien-johtosaantolausunnot\/\">Jatka lukemista <span class=\"screen-reader-text\">Tiedekuntien johtos\u00e4\u00e4nt\u00f6lausunnot<\/span><\/a><\/p>\n","protected":false},"author":1,"featured_media":0,"comment_status":"open","ping_status":"open","sticky":false,"template":"","format":"standard","meta":{"footnotes":""},"categories":[1],"tags":[],"class_list":["post-4222","post","type-post","status-publish","format-standard","hentry","category-uncategorized","entry"],"_links":{"self":[{"href":"https:\/\/www.silven.fi\/index.php\/wp-json\/wp\/v2\/posts\/4222","targetHints":{"allow":["GET"]}}],"collection":[{"href":"https:\/\/www.silven.fi\/index.php\/wp-json\/wp\/v2\/posts"}],"about":[{"href":"https:\/\/www.silven.fi\/index.php\/wp-json\/wp\/v2\/types\/post"}],"author":[{"embeddable":true,"href":"https:\/\/www.silven.fi\/index.php\/wp-json\/wp\/v2\/users\/1"}],"replies":[{"embeddable":true,"href":"https:\/\/www.silven.fi\/index.php\/wp-json\/wp\/v2\/comments?post=4222"}],"version-history":[{"count":15,"href":"https:\/\/www.silven.fi\/index.php\/wp-json\/wp\/v2\/posts\/4222\/revisions"}],"predecessor-version":[{"id":4314,"href":"https:\/\/www.silven.fi\/index.php\/wp-json\/wp\/v2\/posts\/4222\/revisions\/4314"}],"wp:attachment":[{"href":"https:\/\/www.silven.fi\/index.php\/wp-json\/wp\/v2\/media?parent=4222"}],"wp:term":[{"taxonomy":"category","embeddable":true,"href":"https:\/\/www.silven.fi\/index.php\/wp-json\/wp\/v2\/categories?post=4222"},{"taxonomy":"post_tag","embeddable":true,"href":"https:\/\/www.silven.fi\/index.php\/wp-json\/wp\/v2\/tags?post=4222"}],"curies":[{"name":"wp","href":"https:\/\/api.w.org\/{rel}","templated":true}]}}