{"id":4323,"date":"2023-06-20T07:31:00","date_gmt":"2023-06-20T04:31:00","guid":{"rendered":"https:\/\/www.silven.fi\/?p=4323"},"modified":"2023-06-20T06:01:40","modified_gmt":"2023-06-20T03:01:40","slug":"hyvaa-kesaa-2","status":"publish","type":"post","link":"https:\/\/www.silven.fi\/index.php\/2023\/06\/20\/hyvaa-kesaa-2\/","title":{"rendered":"Hyv\u00e4\u00e4 kes\u00e4\u00e4!"},"content":{"rendered":"\n<p>Vapun 2023 alla ilmestyneess\u00e4 <a href=\"https:\/\/www.silven.fi\/index.php\/2023\/04\/25\/koulutuksen-rahoitusmalleista\/\">blogiartikkelissa<\/a> esitin alla olevan taulukon enimm\u00e4kseen 2015-17 opintonsa aloittaneiden t\u00e4h\u00e4nastisista valmistumisista. Sain seurauksena pari yksityist\u00e4 kommenttia suunnilleen tyyliin &#8221;Hei, Tampere ja \u00c5bo ovat meit\u00e4 heikompia. Ei mit\u00e4\u00e4n h\u00e4t\u00e4\u00e4&#8221;. <\/p>\n\n\n\n<figure class=\"wp-block-image size-full\"><img loading=\"lazy\" decoding=\"async\" width=\"784\" height=\"445\" src=\"https:\/\/www.silven.fi\/wp-content\/uploads\/2023\/04\/Valmistumisssaanto.png\" alt=\"\" class=\"wp-image-4119\" srcset=\"https:\/\/www.silven.fi\/wp-content\/uploads\/2023\/04\/Valmistumisssaanto.png 784w, https:\/\/www.silven.fi\/wp-content\/uploads\/2023\/04\/Valmistumisssaanto-300x170.png 300w, https:\/\/www.silven.fi\/wp-content\/uploads\/2023\/04\/Valmistumisssaanto-768x436.png 768w\" sizes=\"auto, (max-width: 784px) 100vw, 784px\" \/><\/figure>\n\n\n\n<p>Mutta miten k\u00e4y jatkossa? <a href=\"https:\/\/www.silven.fi\/index.php\/2023\/04\/25\/koulutuksen-rahoitusmalleista\/\">Samassa artikkelissa<\/a> hieman alempana on taulukko, jossa n\u00e4kyy alle 30 op vuodessa suorittaneiden 18-22 opiskelijoittemme osuuden kasvu. <\/p>\n\n\n\n<p>Viimeaikainen ero muihin on jo melkoinen ja saatamme olla valmistumisaannossakin matkalla pohjalle. Mutta mik\u00e4 on muutoksen takana? <\/p>\n\n\n\n<p>Kavensin nyt tarkastelun ik\u00e4haarukkaa. Seuraavassa taulukossa on yliopistomme kandikoulutuksissa opiskelleiden 18-20 -vuotiaiden opintopistekertymi\u00e4 lukuvuodesta 2016\/17 l\u00e4htien.  He  ovat p\u00e4\u00e4asiassa suoraan lukiosta tulleita tuoreita 1-2 vuotta opiskelleita ylioppilaita, jotka ovat p\u00e4\u00e4sseet v\u00e4litt\u00f6m\u00e4sti opiskelemaan. Siis parasta materiaaliamme. Osuudet eiv\u00e4t summaudu 100%:iin (yli 90%:iin kuitenkin), sill\u00e4 nollasuorittajat ja 75 op ja enemm\u00e4n suorittaneet eiv\u00e4t ole taulukossa mukana. Data on poimittu OKM:n <a href=\"https:\/\/extra.vipunen.fi\/\">Extra-Vipusesta<\/a><\/p>\n\n\n<div class=\"wp-block-image\">\n<figure class=\"aligncenter size-large is-resized\"><img loading=\"lazy\" decoding=\"async\" src=\"https:\/\/www.silven.fi\/wp-content\/uploads\/2023\/06\/Oulu_18_20-1024x411.png\" alt=\"\" class=\"wp-image-4431\" width=\"516\" height=\"206\" srcset=\"https:\/\/www.silven.fi\/wp-content\/uploads\/2023\/06\/Oulu_18_20-1024x411.png 1024w, https:\/\/www.silven.fi\/wp-content\/uploads\/2023\/06\/Oulu_18_20-300x120.png 300w, https:\/\/www.silven.fi\/wp-content\/uploads\/2023\/06\/Oulu_18_20-768x308.png 768w, https:\/\/www.silven.fi\/wp-content\/uploads\/2023\/06\/Oulu_18_20.png 1479w\" sizes=\"auto, (max-width: 516px) 100vw, 516px\" \/><\/figure>\n<\/div>\n\n\n<p>Lohduttavaa t\u00e4ss\u00e4 tilanteessa voisi olla, ett\u00e4 muilla yliopistoilla menisi meit\u00e4 huonommin. Siksi alemmassa taulukossa on muun yliopistolaitoksen 18-20 -vuotiaiden kandiopiskelijoiden opintopistekertymi\u00e4 2016\/17-2021\/22. N\u00e4m\u00e4kin osuudet summautuvat 90%:n nurkille.<\/p>\n\n\n\n<figure class=\"wp-block-image size-full\"><img loading=\"lazy\" decoding=\"async\" width=\"895\" height=\"284\" src=\"https:\/\/www.silven.fi\/wp-content\/uploads\/2023\/06\/Muut_18_20_korjattu.png\" alt=\"\" class=\"wp-image-4585\" srcset=\"https:\/\/www.silven.fi\/wp-content\/uploads\/2023\/06\/Muut_18_20_korjattu.png 895w, https:\/\/www.silven.fi\/wp-content\/uploads\/2023\/06\/Muut_18_20_korjattu-300x95.png 300w, https:\/\/www.silven.fi\/wp-content\/uploads\/2023\/06\/Muut_18_20_korjattu-768x244.png 768w\" sizes=\"auto, (max-width: 895px) 100vw, 895px\" \/><\/figure>\n\n\n\n<p>Muu yliopistolaitos n\u00e4ytt\u00e4\u00e4 p\u00e4rj\u00e4\u00e4v\u00e4n meit\u00e4 paremmin ainakin keskim\u00e4\u00e4r\u00e4isesti. Mutta ehk\u00e4 jossakin yliopistossa menee huonommin kuin Oulussa? Tarkistetaan tuokin mahdollisuus.<\/p>\n\n\n\n<p>Verrokkianalyysia muissa yliopistoissa tekev\u00e4t voivat iloita, ett\u00e4 heill\u00e4 menee paremmin. Lukuvuoden 2021\/22 osalta tilanne oli t\u00e4m\u00e4:<\/p>\n\n\n\n<figure class=\"wp-block-image size-full\"><img loading=\"lazy\" decoding=\"async\" width=\"907\" height=\"480\" src=\"https:\/\/www.silven.fi\/wp-content\/uploads\/2023\/06\/Yliopistovertailu_18_22.jpg\" alt=\"\" class=\"wp-image-4571\" srcset=\"https:\/\/www.silven.fi\/wp-content\/uploads\/2023\/06\/Yliopistovertailu_18_22.jpg 907w, https:\/\/www.silven.fi\/wp-content\/uploads\/2023\/06\/Yliopistovertailu_18_22-300x159.jpg 300w, https:\/\/www.silven.fi\/wp-content\/uploads\/2023\/06\/Yliopistovertailu_18_22-768x406.jpg 768w\" sizes=\"auto, (max-width: 907px) 100vw, 907px\" \/><\/figure>\n\n\n\n<p>Onkohan kukaan yliopistomme hallituksen j\u00e4senist\u00e4 kysynyt: &#8221;Miksi suuri osa yliopistomme nuorimmista opiskelijoista on j\u00e4\u00e4nyt alle t\u00e4yden opintotuen kriittisen 45 op:n rajan&#8221;?   Onko tilannetta kerrottu hallitukselle?  <\/p>\n\n\n\n<p>Ainakaan <a href=\"https:\/\/www.silven.fi\/index.php\/2023\/06\/13\/virallisia-ennusteita\/\">edellisen blogiartikkelin<\/a> lopussa ladattavissa olevasta koulutuksen raportista t\u00e4llaista tietoa ei l\u00f6ydy. Ehk\u00e4 hallituksen j\u00e4senten on oletettu omaehtoisesti tarkastelevan Vipusen tietoja? Yliopiston johto ei voi olla tiet\u00e4m\u00e4t\u00f6n tilanteesta.<\/p>\n\n\n\n<p>Mutta miksi yliopistomme poikkeaa muista silmiinpist\u00e4v\u00e4nkin paljon? Voimme pohtia mahdollisia korrelaatioita:<\/p>\n\n\n\n<ul class=\"wp-block-list\">\n<li>Siirtym\u00e4 muista yliopistoista poikkeavaan uusien opiskelijoiden opintosuorituskehitykseen n\u00e4ytt\u00e4\u00e4 Oulussa alkaneen 2017\/2018. <em>Onko takana vuoden 2016 alun uudistus, jolloin yliopisto muuntui laitos- ja osastorakenteesta tutkimusyksik\u00f6iksi?<\/em><\/li>\n\n\n\n<li>Huomio yliopistomme kohdalla kiinnittyy my\u00f6s lukuvuosiin 2018\/19 ja 2019\/2020. Vuonna 2017 tehdyll\u00e4 p\u00e4\u00e4t\u00f6ksell\u00e4 tiedekunnat menettiv\u00e4t koulutuksen l\u00e4hipalvelupisteet. <em>Miten vaikutuksia tutkinto-ohjelmiin on arvioitu johdossamme?<\/em>  <em>Hallitukselle 27.9.2022 esitetyss\u00e4 raportissa ei ole tuollaistakaan sis\u00e4lt\u00f6\u00e4. Sellaisesta n\u00e4y merkkej\u00e4 p\u00f6yt\u00e4kirjoissa eik\u00e4 hallituksen toimintakertomuksissa vuosilta 2018 (tuolloin ei edes <a href=\"https:\/\/karvi.fi\/wp-content\/uploads\/2018\/02\/KARVI_0318.pdf\">Karvin auditointiraportissa<\/a>), 2019, 2020 ja 2021.<\/em><\/li>\n\n\n\n<li>Seuraava merkitt\u00e4v\u00e4 pohjakosketus on ollut vuonna 2021\/2022. <em>Vuonna 2020 OAMK:n koulutuksen tukipalvelut siirtyiv\u00e4t yliopistolle. Aiheuttiko t\u00e4m\u00e4 toimintaongelmia?<\/em> <em>Tapahtuiko jotakin muuta vahingollista?<\/em><\/li>\n<\/ul>\n\n\n\n<p>Todellisuus on ik\u00e4v\u00e4. Olemme tuottamassa suhteettoman m\u00e4\u00e4r\u00e4n keskeytt\u00e4neit\u00e4 ja opiskeluun pettyneit\u00e4 nuoria. Tietenkin pohjalta yliopistomme on hyv\u00e4 ponnistaa yl\u00f6sp\u00e4in. Voimme tietenkin uusia tilastotietoja odotellessa uskotella, ett\u00e4 kaikki on k\u00e4\u00e4ntynyt pysyv\u00e4sti hyv\u00e4ksi lukuvuonna 2022\/23.<\/p>\n\n\n\n<p>Ep\u00e4ilen jatkuvalla organisaation h\u00e4mment\u00e4misell\u00e4 tehdyn karkeita virheit\u00e4. Eik\u00e4 ongelmien analysointiin vaikuta olevan todellista intressi\u00e4:<\/p>\n\n\n<div class=\"wp-block-image\">\n<figure class=\"aligncenter size-full is-resized\"><img loading=\"lazy\" decoding=\"async\" src=\"https:\/\/www.silven.fi\/wp-content\/uploads\/2023\/05\/S-posti_data-analyysi.jpg\" alt=\"\" class=\"wp-image-4270\" width=\"557\" height=\"99\" srcset=\"https:\/\/www.silven.fi\/wp-content\/uploads\/2023\/05\/S-posti_data-analyysi.jpg 835w, https:\/\/www.silven.fi\/wp-content\/uploads\/2023\/05\/S-posti_data-analyysi-300x53.jpg 300w, https:\/\/www.silven.fi\/wp-content\/uploads\/2023\/05\/S-posti_data-analyysi-768x136.jpg 768w\" sizes=\"auto, (max-width: 557px) 100vw, 557px\" \/><\/figure>\n<\/div>\n\n\n<p>Blogi j\u00e4\u00e4 kes\u00e4tauolle. Seuraava artikkeli ilmestyy tiistaina 8. elokuuta. Toivotan seuraajilleni hyv\u00e4\u00e4 kes\u00e4\u00e4!<\/p>\n","protected":false},"excerpt":{"rendered":"<p>Vapun 2023 alla ilmestyneess\u00e4 blogiartikkelissa esitin alla olevan taulukon enimm\u00e4kseen 2015-17 opintonsa aloittaneiden t\u00e4h\u00e4nastisista valmistumisista. Sain seurauksena pari yksityist\u00e4 kommenttia suunnilleen tyyliin &#8221;Hei, Tampere ja \u00c5bo ovat meit\u00e4 heikompia. Ei mit\u00e4\u00e4n h\u00e4t\u00e4\u00e4&#8221;. Mutta miten k\u00e4y jatkossa? Samassa artikkelissa hieman alempana on taulukko, jossa n\u00e4kyy alle 30 op vuodessa suorittaneiden 18-22 opiskelijoittemme osuuden kasvu. Viimeaikainen ero&hellip; <a class=\"more-link\" href=\"https:\/\/www.silven.fi\/index.php\/2023\/06\/20\/hyvaa-kesaa-2\/\">Jatka lukemista <span class=\"screen-reader-text\">Hyv\u00e4\u00e4 kes\u00e4\u00e4!<\/span><\/a><\/p>\n","protected":false},"author":1,"featured_media":0,"comment_status":"open","ping_status":"open","sticky":false,"template":"","format":"standard","meta":{"footnotes":""},"categories":[1],"tags":[],"class_list":["post-4323","post","type-post","status-publish","format-standard","hentry","category-uncategorized","entry"],"_links":{"self":[{"href":"https:\/\/www.silven.fi\/index.php\/wp-json\/wp\/v2\/posts\/4323","targetHints":{"allow":["GET"]}}],"collection":[{"href":"https:\/\/www.silven.fi\/index.php\/wp-json\/wp\/v2\/posts"}],"about":[{"href":"https:\/\/www.silven.fi\/index.php\/wp-json\/wp\/v2\/types\/post"}],"author":[{"embeddable":true,"href":"https:\/\/www.silven.fi\/index.php\/wp-json\/wp\/v2\/users\/1"}],"replies":[{"embeddable":true,"href":"https:\/\/www.silven.fi\/index.php\/wp-json\/wp\/v2\/comments?post=4323"}],"version-history":[{"count":53,"href":"https:\/\/www.silven.fi\/index.php\/wp-json\/wp\/v2\/posts\/4323\/revisions"}],"predecessor-version":[{"id":4602,"href":"https:\/\/www.silven.fi\/index.php\/wp-json\/wp\/v2\/posts\/4323\/revisions\/4602"}],"wp:attachment":[{"href":"https:\/\/www.silven.fi\/index.php\/wp-json\/wp\/v2\/media?parent=4323"}],"wp:term":[{"taxonomy":"category","embeddable":true,"href":"https:\/\/www.silven.fi\/index.php\/wp-json\/wp\/v2\/categories?post=4323"},{"taxonomy":"post_tag","embeddable":true,"href":"https:\/\/www.silven.fi\/index.php\/wp-json\/wp\/v2\/tags?post=4323"}],"curies":[{"name":"wp","href":"https:\/\/api.w.org\/{rel}","templated":true}]}}