{"id":4903,"date":"2023-08-29T07:21:00","date_gmt":"2023-08-29T04:21:00","guid":{"rendered":"https:\/\/www.silven.fi\/?p=4903"},"modified":"2023-08-28T18:41:10","modified_gmt":"2023-08-28T15:41:10","slug":"sitkeasti-listalla","status":"publish","type":"post","link":"https:\/\/www.silven.fi\/index.php\/2023\/08\/29\/sitkeasti-listalla\/","title":{"rendered":"Sitke\u00e4sti listalla"},"content":{"rendered":"\n<p>Yliopistomme hallitus tekee p\u00e4\u00e4t\u00f6ksens\u00e4 esittelyst\u00e4. Esityslistalle asiat voi johtos\u00e4\u00e4nn\u00f6n perusteella tuoda rehtori ja hallituksen puheenjohtaja. My\u00f6s v\u00e4hint\u00e4\u00e4n kolmannes hallituksen j\u00e4senist\u00e4 voi vaatia asian listalle, mutta en ole p\u00f6yt\u00e4kirjoissa n\u00e4hnyt tuota tapahtuneen. K\u00e4yt\u00e4nn\u00f6ss\u00e4 esityslista on rehtorin lista.<\/p>\n\n\n\n<p>Yliopistomme hallituksen esityslistoilla 2023 yksi useimmin olleita asioita on johdon tulospalkkiot. Palkitsemisohjelman takana on nimellisesti hallituksen palkkiovaliokunta. En onnistunut sen nime\u00e4misest\u00e4 tai tuohon valtuuttamisesta l\u00f6yt\u00e4m\u00e4\u00e4n p\u00f6yt\u00e4kirjoista 2021-23 mink\u00e4\u00e4nlaista merkint\u00e4\u00e4.  Vanhemmat p\u00f6yt\u00e4kirjat hallintomme on poistanut n\u00e4kyvist\u00e4. Valiokunnan sihteerin ja puheenjohtajan nimet ovat toisinaan p\u00f6yt\u00e4kirjassa. Keit\u00e4 ovat mahdolliset muut j\u00e4senet? <\/p>\n\n\n\n<p>Voimme pohtia, miksi palkitsemisvaliokunnan j\u00e4senten nimist\u00e4 ei ole edes syksyn 2021 yliopistovaalien j\u00e4lkeen selke\u00e4\u00e4 merkint\u00e4\u00e4 vuoden 2022  ja 2023 p\u00f6yt\u00e4kirjoissa. Onko hallitus luovuttanut nime\u00e4misvallan puheenjohtajalleen? Pid\u00e4n erikoisena, jos puheenjohtaja on t\u00e4llaisessa asiassa toiminut ilman hallituksen valtuutusta. Vai onko valtuutus haudattu saataviltamme poistettuun hallituksen ty\u00f6j\u00e4rjestykseen johtos\u00e4\u00e4nn\u00f6n sijaan? <\/p>\n\n\n\n<p>Yliopistomme hallitus on t\u00e4n\u00e4 vuonna k\u00e4sitellyt johdon tulospalkkioasioita <a href=\"https:\/\/ouluyo.oncloudos.com\/aski\/202310217.PDF\">tammikuussa 31.1.2023<\/a>, <a href=\"https:\/\/ouluyo.oncloudos.com\/aski\/202314626.PDF\">toukokuussa 30.5.2023<\/a> ja <a href=\"https:\/\/ouluyo.oncloudos.com\/aski\/202314885.PDF\">kes\u00e4kuussa 15.6.2023<\/a>. Ne ovat my\u00f6s <a href=\"https:\/\/ouluyo.oncloudos.com\/aski\/202317814.PDF\">huomenna 30.8.2023<\/a> pidett\u00e4v\u00e4n kokouksen esityslistalla.<\/p>\n\n\n\n<p>Tiivist\u00e4n k\u00e4sittelyvaiheet alkaen hallituksen kokouksen 30.5.2023 p\u00f6yt\u00e4kirjan merkinn\u00e4st\u00e4. Esittelij\u00e4n\u00e4 toimi hallituksen puheenjohtaja. Tekstist\u00e4 k\u00e4y ilmi, kenen johdolla asiaa on valmisteltu.<\/p>\n\n\n\n<figure class=\"wp-block-image size-full\"><img loading=\"lazy\" decoding=\"async\" width=\"991\" height=\"426\" src=\"https:\/\/www.silven.fi\/wp-content\/uploads\/2023\/08\/kokous30052023a.png\" alt=\"\" class=\"wp-image-4904\" srcset=\"https:\/\/www.silven.fi\/wp-content\/uploads\/2023\/08\/kokous30052023a.png 991w, https:\/\/www.silven.fi\/wp-content\/uploads\/2023\/08\/kokous30052023a-300x129.png 300w, https:\/\/www.silven.fi\/wp-content\/uploads\/2023\/08\/kokous30052023a-768x330.png 768w\" sizes=\"auto, (max-width: 991px) 100vw, 991px\" \/><\/figure>\n\n\n\n<p>Kyseess\u00e4 on ollut p\u00e4\u00e4t\u00f6sasia:<\/p>\n\n\n\n<figure class=\"wp-block-image size-full\"><img loading=\"lazy\" decoding=\"async\" width=\"982\" height=\"169\" src=\"https:\/\/www.silven.fi\/wp-content\/uploads\/2023\/08\/kokous30052023b.png\" alt=\"\" class=\"wp-image-4905\" srcset=\"https:\/\/www.silven.fi\/wp-content\/uploads\/2023\/08\/kokous30052023b.png 982w, https:\/\/www.silven.fi\/wp-content\/uploads\/2023\/08\/kokous30052023b-300x52.png 300w, https:\/\/www.silven.fi\/wp-content\/uploads\/2023\/08\/kokous30052023b-768x132.png 768w\" sizes=\"auto, (max-width: 982px) 100vw, 982px\" \/><\/figure>\n\n\n\n<p>Asia on j\u00e4tetty p\u00f6yd\u00e4lle. Voimme vain arvailla syit\u00e4. Hallitus ei ilmeisesti ollut valmis p\u00e4\u00e4tt\u00e4m\u00e4\u00e4n.<\/p>\n\n\n\n<figure class=\"wp-block-image size-full is-resized\"><img loading=\"lazy\" decoding=\"async\" src=\"https:\/\/www.silven.fi\/wp-content\/uploads\/2023\/08\/kokous30052023c.png\" alt=\"\" class=\"wp-image-4906\" width=\"480\" height=\"102\" srcset=\"https:\/\/www.silven.fi\/wp-content\/uploads\/2023\/08\/kokous30052023c.png 775w, https:\/\/www.silven.fi\/wp-content\/uploads\/2023\/08\/kokous30052023c-300x64.png 300w, https:\/\/www.silven.fi\/wp-content\/uploads\/2023\/08\/kokous30052023c-768x165.png 768w\" sizes=\"auto, (max-width: 480px) 100vw, 480px\" \/><\/figure>\n\n\n\n<p>Uusi palkitsemisohjelman k\u00e4sittely tuli kokouksen 15.6.2023 listalle, t\u00e4ll\u00e4 kertaa pelkk\u00e4n\u00e4<em> keskusteluasiana<\/em>. Hallituksen pehmitys lienee katsottu tarpeelliseksi, kun edellisessa kokouksessa p\u00e4\u00e4t\u00f6syritys meni kiville. Esittelij\u00e4 oli j\u00e4lleen hallituksen puheenjohtaja. <\/p>\n\n\n\n<figure class=\"wp-block-image size-large\"><img loading=\"lazy\" decoding=\"async\" width=\"1024\" height=\"59\" src=\"https:\/\/www.silven.fi\/wp-content\/uploads\/2023\/08\/Keskusteluasia-1024x59.png\" alt=\"\" class=\"wp-image-4922\" srcset=\"https:\/\/www.silven.fi\/wp-content\/uploads\/2023\/08\/Keskusteluasia-1024x59.png 1024w, https:\/\/www.silven.fi\/wp-content\/uploads\/2023\/08\/Keskusteluasia-300x17.png 300w, https:\/\/www.silven.fi\/wp-content\/uploads\/2023\/08\/Keskusteluasia-768x45.png 768w, https:\/\/www.silven.fi\/wp-content\/uploads\/2023\/08\/Keskusteluasia.png 1102w\" sizes=\"auto, (max-width: 1024px) 100vw, 1024px\" \/><\/figure>\n\n\n\n<p>Mutta p\u00f6yt\u00e4kirjan perusteella asiaa ei k\u00e4sitelty, sill\u00e4 se siirrettiin seuraavaan kokoukseen. J\u00e4lleen kerran n\u00e4hd\u00e4\u00e4n, kenen johdolla tulospalkkio-ohjelmaa on valmisteltu.<\/p>\n\n\n\n<figure class=\"wp-block-image size-full\"><img loading=\"lazy\" decoding=\"async\" width=\"996\" height=\"568\" src=\"https:\/\/www.silven.fi\/wp-content\/uploads\/2023\/08\/kokous15062023akeskustelu.png\" alt=\"\" class=\"wp-image-4907\" srcset=\"https:\/\/www.silven.fi\/wp-content\/uploads\/2023\/08\/kokous15062023akeskustelu.png 996w, https:\/\/www.silven.fi\/wp-content\/uploads\/2023\/08\/kokous15062023akeskustelu-300x171.png 300w, https:\/\/www.silven.fi\/wp-content\/uploads\/2023\/08\/kokous15062023akeskustelu-768x438.png 768w\" sizes=\"auto, (max-width: 996px) 100vw, 996px\" \/><\/figure>\n\n\n\n<p>Nyt asia on t\u00e4m\u00e4n blogin ilmestymisp\u00e4iv\u00e4n j\u00e4lkeen 30.8.2023 hallituksen kokouksen listalla p\u00e4\u00e4t\u00f6sasiana. Esittelij\u00e4n\u00e4 on edelleen hallituksen puheenjohtaja. <\/p>\n\n\n\n<p>Nyt erityisen kiintoisaa aiempiin esittelyteksteihin verrattuna on erityisesti rehtorin tulospalkkioiden nosto esille strategian toteuttamisen kannustimena.  Onko rehtorin palkitseminen lopultakin koko tulospalkkio-ohjelman ydin? <\/p>\n\n\n\n<figure class=\"wp-block-image size-full\"><img loading=\"lazy\" decoding=\"async\" width=\"886\" height=\"682\" src=\"https:\/\/www.silven.fi\/wp-content\/uploads\/2023\/08\/Eslista30082023.png\" alt=\"\" class=\"wp-image-4908\" srcset=\"https:\/\/www.silven.fi\/wp-content\/uploads\/2023\/08\/Eslista30082023.png 886w, https:\/\/www.silven.fi\/wp-content\/uploads\/2023\/08\/Eslista30082023-300x231.png 300w, https:\/\/www.silven.fi\/wp-content\/uploads\/2023\/08\/Eslista30082023-768x591.png 768w\" sizes=\"auto, (max-width: 886px) 100vw, 886px\" \/><\/figure>\n\n\n\n<p>Ruohonjuuritason toimijoita voi ja pit\u00e4\u00e4kin palkita saavutuksistaan, mutta johdon palkitsemisen katson hyvin kyseenalaiseksi menettelyksi. T\u00e4m\u00e4 koskee my\u00f6s itse\u00e4ni. Pid\u00e4n loukkaavana, jos minun ei odoteta yritt\u00e4v\u00e4ni parhaani palkkaani vasten. Minulta ei edes kysytty, haluanko olla ep\u00e4oikeudenmukaiseksi kokemani tulospalkkiohjelman piiriss\u00e4.  <\/p>\n","protected":false},"excerpt":{"rendered":"<p>Yliopistomme hallitus tekee p\u00e4\u00e4t\u00f6ksens\u00e4 esittelyst\u00e4. Esityslistalle asiat voi johtos\u00e4\u00e4nn\u00f6n perusteella tuoda rehtori ja hallituksen puheenjohtaja. My\u00f6s v\u00e4hint\u00e4\u00e4n kolmannes hallituksen j\u00e4senist\u00e4 voi vaatia asian listalle, mutta en ole p\u00f6yt\u00e4kirjoissa n\u00e4hnyt tuota tapahtuneen. K\u00e4yt\u00e4nn\u00f6ss\u00e4 esityslista on rehtorin lista. Yliopistomme hallituksen esityslistoilla 2023 yksi useimmin olleita asioita on johdon tulospalkkiot. Palkitsemisohjelman takana on nimellisesti hallituksen palkkiovaliokunta. En onnistunut&hellip; <a class=\"more-link\" href=\"https:\/\/www.silven.fi\/index.php\/2023\/08\/29\/sitkeasti-listalla\/\">Jatka lukemista <span class=\"screen-reader-text\">Sitke\u00e4sti listalla<\/span><\/a><\/p>\n","protected":false},"author":1,"featured_media":0,"comment_status":"open","ping_status":"open","sticky":false,"template":"","format":"standard","meta":{"footnotes":""},"categories":[1],"tags":[],"class_list":["post-4903","post","type-post","status-publish","format-standard","hentry","category-uncategorized","entry"],"_links":{"self":[{"href":"https:\/\/www.silven.fi\/index.php\/wp-json\/wp\/v2\/posts\/4903","targetHints":{"allow":["GET"]}}],"collection":[{"href":"https:\/\/www.silven.fi\/index.php\/wp-json\/wp\/v2\/posts"}],"about":[{"href":"https:\/\/www.silven.fi\/index.php\/wp-json\/wp\/v2\/types\/post"}],"author":[{"embeddable":true,"href":"https:\/\/www.silven.fi\/index.php\/wp-json\/wp\/v2\/users\/1"}],"replies":[{"embeddable":true,"href":"https:\/\/www.silven.fi\/index.php\/wp-json\/wp\/v2\/comments?post=4903"}],"version-history":[{"count":23,"href":"https:\/\/www.silven.fi\/index.php\/wp-json\/wp\/v2\/posts\/4903\/revisions"}],"predecessor-version":[{"id":4943,"href":"https:\/\/www.silven.fi\/index.php\/wp-json\/wp\/v2\/posts\/4903\/revisions\/4943"}],"wp:attachment":[{"href":"https:\/\/www.silven.fi\/index.php\/wp-json\/wp\/v2\/media?parent=4903"}],"wp:term":[{"taxonomy":"category","embeddable":true,"href":"https:\/\/www.silven.fi\/index.php\/wp-json\/wp\/v2\/categories?post=4903"},{"taxonomy":"post_tag","embeddable":true,"href":"https:\/\/www.silven.fi\/index.php\/wp-json\/wp\/v2\/tags?post=4903"}],"curies":[{"name":"wp","href":"https:\/\/api.w.org\/{rel}","templated":true}]}}