{"id":557,"date":"2021-11-25T06:46:32","date_gmt":"2021-11-25T04:46:32","guid":{"rendered":"https:\/\/www.silven.fi\/?p=557"},"modified":"2021-11-26T11:31:30","modified_gmt":"2021-11-26T09:31:30","slug":"kovin-ikavaa","status":"publish","type":"post","link":"https:\/\/www.silven.fi\/index.php\/2021\/11\/25\/kovin-ikavaa\/","title":{"rendered":"Kovin ik\u00e4v\u00e4\u00e4"},"content":{"rendered":"\n<p>Yliopistomme nykyisen hallituksen j\u00e4sen on vaalien alla yliopiston s\u00e4hk\u00f6postin kautta laajalti jakamassaan viestiss\u00e4  kertonut mm. seuraavaa:<\/p>\n\n\n\n<figure class=\"wp-block-image size-large\"><img loading=\"lazy\" decoding=\"async\" width=\"1024\" height=\"232\" src=\"https:\/\/www.silven.fi\/wp-content\/uploads\/2021\/11\/Hiltunen10-1024x232.png\" alt=\"\" class=\"wp-image-558\" srcset=\"https:\/\/www.silven.fi\/wp-content\/uploads\/2021\/11\/Hiltunen10-1024x232.png 1024w, https:\/\/www.silven.fi\/wp-content\/uploads\/2021\/11\/Hiltunen10-300x68.png 300w, https:\/\/www.silven.fi\/wp-content\/uploads\/2021\/11\/Hiltunen10-768x174.png 768w, https:\/\/www.silven.fi\/wp-content\/uploads\/2021\/11\/Hiltunen10.png 1063w\" sizes=\"auto, (max-width: 1024px) 100vw, 1024px\" \/><\/figure>\n\n\n\n<p>Sain jo ennen vaaleja monia kyselyit\u00e4 tuosta v\u00e4itetyst\u00e4 minua koskevasta apulaisoikeusasiamiehen ratkaisusta. Niist\u00e4 ensimm\u00e4inen ns. l\u00f6i \u00e4llik\u00e4ll\u00e4. Kesti hetken tajuta, mist\u00e4 oli kyse, kun nykyisen hallituksen j\u00e4senen viesti\u00e4 ei viel\u00e4 silloin oltu minulle v\u00e4litetty. En viel\u00e4k\u00e4\u00e4n liki nelj\u00e4 viikkoa my\u00f6hemmin tied\u00e4 h\u00e4nen mainitsemastaan eduskunnan apulaisoikeusasiamiehen \u201dsinetist\u00e4\u201d.<\/p>\n\n\n\n<p>Kohteliaimmin pyyd\u00e4n t\u00e4t\u00e4 asiasta perill\u00e4 olevaa yliopiston hallituksen j\u00e4sent\u00e4 julkaisemaan kyseisen minua koskevan ratkaisun. Haluan tiet\u00e4\u00e4 sen sis\u00e4ll\u00f6n, sill\u00e4 en sit\u00e4 tied\u00e4. Haluan my\u00f6s, ett\u00e4 h\u00e4nen viestins\u00e4 n\u00e4hnyt  laaja yleis\u00f6 saa sen tiet\u00e4\u00e4<strong>.<\/strong><\/p>\n\n\n\n<p>Ehk\u00e4  tuollaisen v\u00e4itt\u00e4m\u00e4n laaja levitt\u00e4minen oli nykyisen  hallituksen j\u00e4senen monipuolista ja aktiivista vaality\u00f6t\u00e4? H\u00e4n nimitt\u00e4in kirjoitti viestiss\u00e4\u00e4n my\u00f6s seuraavasti:<\/p>\n\n\n\n<figure class=\"wp-block-image size-full\"><img loading=\"lazy\" decoding=\"async\" width=\"856\" height=\"199\" src=\"https:\/\/www.silven.fi\/wp-content\/uploads\/2021\/11\/Hiltunen1.png\" alt=\"\" class=\"wp-image-502\" srcset=\"https:\/\/www.silven.fi\/wp-content\/uploads\/2021\/11\/Hiltunen1.png 856w, https:\/\/www.silven.fi\/wp-content\/uploads\/2021\/11\/Hiltunen1-300x70.png 300w, https:\/\/www.silven.fi\/wp-content\/uploads\/2021\/11\/Hiltunen1-768x179.png 768w\" sizes=\"auto, (max-width: 856px) 100vw, 856px\" \/><\/figure>\n\n\n\n<p>Kovin ik\u00e4v\u00e4\u00e4 on, ett\u00e4 taannoisen bogiartikkelini otsikko  \u201d<a href=\"https:\/\/www.silven.fi\/index.php\/2021\/10\/19\/saannot-vain-rahvaalle\/\">S\u00e4\u00e4nn\u00f6t vain yliopistorahvaalle<\/a>\u201d oli kovin osuva. Nimitt\u00e4in nykyist\u00e4 hallituksen j\u00e4sent\u00e4 <a href=\"https:\/\/www.oulu.fi\/sites\/default\/files\/content\/files\/vaalimainonta_ohje2021.pdf\">yliopiston ohjeistus<\/a> ei  koskenut:  <em>&#8221;Patio -intranetiss\u00e4 ja muissa yliopiston verkkopalveluissa ja some-kanavissa ei saa tehd\u00e4 vaalimainontaa, mutta Pation tapahtumissa voi ilmoittaa vaalitilaisuuksista. Vaalien teemoihin liittyv\u00e4\u00e4 keskustelua voi k\u00e4yd\u00e4 yliopiston Yammer-kanavalla (p\u00e4\u00e4sy kanavalle Patiosta). Yliopiston s\u00e4hk\u00f6postia ei saa k\u00e4ytt\u00e4\u00e4 vaalimainosten jakeluun&#8221;<\/em><\/p>\n\n\n\n<p><em><span style=\"color:#db341e\" class=\"has-inline-color\">Hyv\u00e4ksyn t\u00e4m\u00e4n blogiartikkelin kohdalla julkaistavaksi ainoastaan kyseisen hallituksen j\u00e4senen vastauksen, en siis kenenk\u00e4\u00e4n muun kommentteja. Julkaisen t\u00e4ss\u00e4 my\u00f6s h\u00e4nen mahdollisen muuta kautta toimittamansa vastineen.<\/span><\/em><\/p>\n","protected":false},"excerpt":{"rendered":"<p>Yliopistomme nykyisen hallituksen j\u00e4sen on vaalien alla yliopiston s\u00e4hk\u00f6postin kautta laajalti jakamassaan viestiss\u00e4 kertonut mm. seuraavaa: Sain jo ennen vaaleja monia kyselyit\u00e4 tuosta v\u00e4itetyst\u00e4 minua koskevasta apulaisoikeusasiamiehen ratkaisusta. Niist\u00e4 ensimm\u00e4inen ns. l\u00f6i \u00e4llik\u00e4ll\u00e4. Kesti hetken tajuta, mist\u00e4 oli kyse, kun nykyisen hallituksen j\u00e4senen viesti\u00e4 ei viel\u00e4 silloin oltu minulle v\u00e4litetty. En viel\u00e4k\u00e4\u00e4n liki nelj\u00e4 viikkoa&hellip; <a class=\"more-link\" href=\"https:\/\/www.silven.fi\/index.php\/2021\/11\/25\/kovin-ikavaa\/\">Jatka lukemista <span class=\"screen-reader-text\">Kovin ik\u00e4v\u00e4\u00e4<\/span><\/a><\/p>\n","protected":false},"author":1,"featured_media":0,"comment_status":"open","ping_status":"open","sticky":false,"template":"","format":"standard","meta":{"footnotes":""},"categories":[1],"tags":[],"class_list":["post-557","post","type-post","status-publish","format-standard","hentry","category-uncategorized","entry"],"_links":{"self":[{"href":"https:\/\/www.silven.fi\/index.php\/wp-json\/wp\/v2\/posts\/557","targetHints":{"allow":["GET"]}}],"collection":[{"href":"https:\/\/www.silven.fi\/index.php\/wp-json\/wp\/v2\/posts"}],"about":[{"href":"https:\/\/www.silven.fi\/index.php\/wp-json\/wp\/v2\/types\/post"}],"author":[{"embeddable":true,"href":"https:\/\/www.silven.fi\/index.php\/wp-json\/wp\/v2\/users\/1"}],"replies":[{"embeddable":true,"href":"https:\/\/www.silven.fi\/index.php\/wp-json\/wp\/v2\/comments?post=557"}],"version-history":[{"count":38,"href":"https:\/\/www.silven.fi\/index.php\/wp-json\/wp\/v2\/posts\/557\/revisions"}],"predecessor-version":[{"id":884,"href":"https:\/\/www.silven.fi\/index.php\/wp-json\/wp\/v2\/posts\/557\/revisions\/884"}],"wp:attachment":[{"href":"https:\/\/www.silven.fi\/index.php\/wp-json\/wp\/v2\/media?parent=557"}],"wp:term":[{"taxonomy":"category","embeddable":true,"href":"https:\/\/www.silven.fi\/index.php\/wp-json\/wp\/v2\/categories?post=557"},{"taxonomy":"post_tag","embeddable":true,"href":"https:\/\/www.silven.fi\/index.php\/wp-json\/wp\/v2\/tags?post=557"}],"curies":[{"name":"wp","href":"https:\/\/api.w.org\/{rel}","templated":true}]}}