{"id":5594,"date":"2023-12-12T07:09:00","date_gmt":"2023-12-12T05:09:00","guid":{"rendered":"https:\/\/www.silven.fi\/?p=5594"},"modified":"2023-12-11T18:45:30","modified_gmt":"2023-12-11T16:45:30","slug":"syytteiden-taustaa-2","status":"publish","type":"post","link":"https:\/\/www.silven.fi\/index.php\/2023\/12\/12\/syytteiden-taustaa-2\/","title":{"rendered":"Syytteiden taustaa (2)"},"content":{"rendered":"\n<p>Minua vastaan k\u00e4ynnistetyn yliopiston hyv\u00e4ksym\u00e4n vastaisen syyteprosessin voitaneen arvioida k\u00e4ynnistyneeksi kollegion kokouksen 31.5.2023 j\u00e4lkeen. Tarkahko alkuhetki on sanomalehti Kalevan <a href=\"https:\/\/www.kaleva.fi\/opiskelijajarjeston-puheenjohtaja-opiskelijat-jout\/5595733\">2.6.2023 ilmestynyt artikkeli<\/a>. Siin\u00e4 kollegion varapuheenjohtaja kertoo ep\u00e4asiallisen k\u00e4yt\u00f6ksen ulottuneet kollegion toimintaan mm. n\u00e4in:<\/p>\n\n\n\n<figure class=\"wp-block-image size-full\"><img loading=\"lazy\" decoding=\"async\" width=\"868\" height=\"72\" src=\"https:\/\/www.silven.fi\/wp-content\/uploads\/2023\/11\/kaleva02062023_lausuma.png\" alt=\"\" class=\"wp-image-5595\" srcset=\"https:\/\/www.silven.fi\/wp-content\/uploads\/2023\/11\/kaleva02062023_lausuma.png 868w, https:\/\/www.silven.fi\/wp-content\/uploads\/2023\/11\/kaleva02062023_lausuma-300x25.png 300w, https:\/\/www.silven.fi\/wp-content\/uploads\/2023\/11\/kaleva02062023_lausuma-768x64.png 768w\" sizes=\"auto, (max-width: 868px) 100vw, 868px\" \/><\/figure>\n\n\n\n<p>Min\u00e4 en ole kertaakaan soittanut yhdellek\u00e4\u00e4n kollegion opiskelijaj\u00e4senelle. T\u00e4m\u00e4n voi luotettavasti selvitt\u00e4\u00e4 mm. operaattorien puhelulokeista.  <\/p>\n\n\n\n<p>Asianajajan mukaan syytteess\u00e4 on kaksi henkil\u00f6\u00e4. Tied\u00e4n, ettei toinenkaan syytteess\u00e4 oleva ole soittanut. <\/p>\n\n\n\n<p>Soittelijan henkil\u00f6llisyys on varmasti  tiedossa, joten miksi kyseinen henkil\u00f6 ei ole syytteess\u00e4? Miksi salata soittelija, muutoin kuin  &#8221;annetaan ymm\u00e4rt\u00e4\u00e4&#8221; vihjauksena? [Soittelijan nimen voi minulle taustoituksena luottamuksellisesti kertoa. Toisen syytettyn\u00e4 olevan henkil\u00f6llisyys on minulle viestitty useaan kertaan. En sit\u00e4k\u00e4\u00e4n julkista].<\/p>\n\n\n\n<p>Syytteeni ovat salaiset, todisteet  ja odotettu rangaistukseni samoin. Asianajajan mukaan prosessi on nopea ja h\u00e4nelle annetun m\u00e4\u00e4r\u00e4ajan 15.10.2023 j\u00e4lkeen rangaistuksen langettaa rehtori. <\/p>\n\n\n\n<p>T\u00e4m\u00e4n blogin ilmestyess\u00e4 rehtori on yli kahdeksan viikkoa roikottanut minua ja toista syytetty\u00e4  l\u00f6ys\u00e4ss\u00e4 hirress\u00e4. T\u00e4llaisen menettelyn arviointiin on omat viranomaisensa.<\/p>\n\n\n\n<p>Rehtori voi tietenkin p\u00e4\u00e4tt\u00e4\u00e4, ett\u00e4 syyt\u00f6kset ovat perusteettomia. Mit\u00e4 silloin tapahtuu niiden esitt\u00e4jille? Nimitt\u00e4in <a href=\"https:\/\/www.oulu.fi\/external\/hyvinvointi\/Kiusaamisen_ja_hairinnan_ehkaisy_FI.pdf\">Oulun yliopiston hyv\u00e4ksytyss\u00e4 ohjeistuksessa<\/a> todetaan <em>&#8221;Vilpillisess\u00e4 mieless\u00e4 tehdyt ja aiheettomat kiusaamissyyt\u00f6kset ovat yht\u00e4 vakavia kuin kiusaamissyytteet ja voivat johtaa samanlaisiin kurinpitotoimiin kuin kiusaaminen&#8221;.<\/em><\/p>\n\n\n\n<p>Sain rehtorin toimeksiannosta toimineelta asianajajalta 16 sivun h\u00e4irint\u00e4todisteiksi v\u00e4itetyn salaiseksi ilmoitetun paperikasan. Sen sis\u00e4lt\u00f6 on p\u00e4\u00e4asiassa asiayhteydest\u00e4 irrotettuja kommentteja Pro Linnanmaa -liikkeen Facebook sivuilta ja kaksi twiitti\u00e4.  Opiskelijoiden h\u00e4irinn\u00e4st\u00e4 ne eiv\u00e4t mielest\u00e4ni mitenk\u00e4\u00e4n todista. <\/p>\n\n\n\n<p>Ainut syy salata n\u00e4m\u00e4 ns. todisteet saattaakin olla niiden liittyminen julkiseen rehtorin toiminnan arvosteluun. Toki  mit\u00e4 tahansa paperinippua voi heiluttaa ja v\u00e4itt\u00e4\u00e4 sen sis\u00e4lt\u00e4v\u00e4n todisteita opiskelijoiden h\u00e4irinn\u00e4st\u00e4. Mutta opiskelija&nbsp;\u2260 rehtori. <\/p>\n\n\n\n<p>Sek\u00e4\u00e4n, ett\u00e4 Pro Linnanmaan Facebook-sivuilla ja kommenteissa on on tuon syyteaineiston perusteella viittauksia blogiini, ei tee minusta vastuullista  muista kuin omista kirjoituksistani. Ne puolestaan nojaavat asiakirjoihin, tilastodataan ja lehtiartikkeleihin. <\/p>\n\n\n\n<p>Mink\u00e4\u00e4n yliopiston toimielimen opiskelijaj\u00e4seni\u00e4, eik\u00e4 muitakaan, ei saa painostaa eik\u00e4 h\u00e4irit\u00e4. En koskaan ole tehnyt mit\u00e4\u00e4n tuollaista. Miksi olen ajojahdin kohde? Miksi <a href=\"https:\/\/www.silven.fi\/index.php\/2023\/10\/31\/prosessivirhe\/\">yliopiston henkil\u00f6st\u00f6johtaja esti k\u00e4ynnistyneen yliopiston hyv\u00e4ksym\u00e4n mukaisen tutkintaprosessin<\/a>? Menettelyns\u00e4 on oikeusturvani loukkaus.<\/p>\n\n\n\n<p>Olen ilmoittanut yliopiston hallitukselle 16.11.2023, ettei  minun puoleltani ole syytteiden eik\u00e4 aineistojen salaamiseen tarvetta &#8211; eik\u00e4 perusteita:<\/p>\n\n\n<div class=\"wp-block-image\">\n<figure class=\"aligncenter size-full is-resized\"><img loading=\"lazy\" decoding=\"async\" width=\"871\" height=\"537\" src=\"https:\/\/www.silven.fi\/wp-content\/uploads\/2023\/11\/image-1.png\" alt=\"T\u00e4m\u00e4n kuvan alt-attribuutti on tyhj\u00e4; Tiedoston nimi on hallitukselle16112023.png\" class=\"wp-image-5680\" style=\"width:551px;height:auto\" srcset=\"https:\/\/www.silven.fi\/wp-content\/uploads\/2023\/11\/image-1.png 871w, https:\/\/www.silven.fi\/wp-content\/uploads\/2023\/11\/image-1-300x185.png 300w, https:\/\/www.silven.fi\/wp-content\/uploads\/2023\/11\/image-1-768x473.png 768w\" sizes=\"auto, (max-width: 871px) 100vw, 871px\" \/><\/figure>\n<\/div>\n\n\n<p>Vakuutan todiste- ja selvitysaineistojen olevan kiintoisaa luettavaa. Kiintoisia ne ovat kuitenkin eri syist\u00e4 kuin ehk\u00e4 moni olettaa.<\/p>\n","protected":false},"excerpt":{"rendered":"<p>Minua vastaan k\u00e4ynnistetyn yliopiston hyv\u00e4ksym\u00e4n vastaisen syyteprosessin voitaneen arvioida k\u00e4ynnistyneeksi kollegion kokouksen 31.5.2023 j\u00e4lkeen. Tarkahko alkuhetki on sanomalehti Kalevan 2.6.2023 ilmestynyt artikkeli. Siin\u00e4 kollegion varapuheenjohtaja kertoo ep\u00e4asiallisen k\u00e4yt\u00f6ksen ulottuneet kollegion toimintaan mm. n\u00e4in: Min\u00e4 en ole kertaakaan soittanut yhdellek\u00e4\u00e4n kollegion opiskelijaj\u00e4senelle. T\u00e4m\u00e4n voi luotettavasti selvitt\u00e4\u00e4 mm. operaattorien puhelulokeista. Asianajajan mukaan syytteess\u00e4 on kaksi henkil\u00f6\u00e4. Tied\u00e4n,&hellip; <a class=\"more-link\" href=\"https:\/\/www.silven.fi\/index.php\/2023\/12\/12\/syytteiden-taustaa-2\/\">Jatka lukemista <span class=\"screen-reader-text\">Syytteiden taustaa (2)<\/span><\/a><\/p>\n","protected":false},"author":1,"featured_media":0,"comment_status":"open","ping_status":"open","sticky":false,"template":"","format":"standard","meta":{"footnotes":""},"categories":[1],"tags":[],"class_list":["post-5594","post","type-post","status-publish","format-standard","hentry","category-uncategorized","entry"],"_links":{"self":[{"href":"https:\/\/www.silven.fi\/index.php\/wp-json\/wp\/v2\/posts\/5594","targetHints":{"allow":["GET"]}}],"collection":[{"href":"https:\/\/www.silven.fi\/index.php\/wp-json\/wp\/v2\/posts"}],"about":[{"href":"https:\/\/www.silven.fi\/index.php\/wp-json\/wp\/v2\/types\/post"}],"author":[{"embeddable":true,"href":"https:\/\/www.silven.fi\/index.php\/wp-json\/wp\/v2\/users\/1"}],"replies":[{"embeddable":true,"href":"https:\/\/www.silven.fi\/index.php\/wp-json\/wp\/v2\/comments?post=5594"}],"version-history":[{"count":36,"href":"https:\/\/www.silven.fi\/index.php\/wp-json\/wp\/v2\/posts\/5594\/revisions"}],"predecessor-version":[{"id":5746,"href":"https:\/\/www.silven.fi\/index.php\/wp-json\/wp\/v2\/posts\/5594\/revisions\/5746"}],"wp:attachment":[{"href":"https:\/\/www.silven.fi\/index.php\/wp-json\/wp\/v2\/media?parent=5594"}],"wp:term":[{"taxonomy":"category","embeddable":true,"href":"https:\/\/www.silven.fi\/index.php\/wp-json\/wp\/v2\/categories?post=5594"},{"taxonomy":"post_tag","embeddable":true,"href":"https:\/\/www.silven.fi\/index.php\/wp-json\/wp\/v2\/tags?post=5594"}],"curies":[{"name":"wp","href":"https:\/\/api.w.org\/{rel}","templated":true}]}}