{"id":9700,"date":"2025-05-20T07:00:00","date_gmt":"2025-05-20T04:00:00","guid":{"rendered":"https:\/\/www.silven.fi\/?p=9700"},"modified":"2025-05-18T19:13:33","modified_gmt":"2025-05-18T16:13:33","slug":"poytakirja-29-4-2025","status":"publish","type":"post","link":"https:\/\/www.silven.fi\/index.php\/2025\/05\/20\/poytakirja-29-4-2025\/","title":{"rendered":"P\u00f6yt\u00e4kirja 29.4.2025"},"content":{"rendered":"\n<p>Pyyt\u00e4m\u00e4ni yliopiston <a href=\"https:\/\/ouluyo.oncloudos.com\/aski\/202550527.PDF\">hallituksen 29.4.2025 kokouksen<\/a> p\u00f6yt\u00e4kirjan liitteet saapuivat nopeasti. Niist\u00e4 paljastuu, kuinka Oulun yliopiston hallinto ylimm\u00e4ll\u00e4 tasollaan toimii. Liittein\u00e4 olleet kahden hallituksen j\u00e4senen lausunnot ovat t\u00e4m\u00e4n blogiartikkelin lopussa.<\/p>\n\n\n\n<p><strong>Ensimm\u00e4inen kiintoisa dokumentti<\/strong> on hallituksen puheenjohtajan kokouksessa 29.4.2025 esitt\u00e4m\u00e4 hallinnon virtaviivaistus siirt\u00e4m\u00e4ll\u00e4 hallituksen t\u00e4rke\u00e4 kontrolli- ja kannusteinstrumentti pienen piirin k\u00e4siin<em> kevent\u00e4mis- ja sujuvoittamisperusteella<\/em>. Esitysdia tiivist\u00e4\u00e4 kaiken: &#8221;<em>Muutoksen j\u00e4lkeen palkitsemisvaliokunta p\u00e4\u00e4tt\u00e4isi dekaanien palkkauksesta ja palkitsemisesta. Muutos koskisi my\u00f6s muuta ylint\u00e4 johtoa ja rehtoria<\/em>&#8221;. <\/p>\n\n\n<div class=\"wp-block-image\">\n<figure class=\"aligncenter size-full is-resized\"><img loading=\"lazy\" decoding=\"async\" width=\"514\" height=\"502\" src=\"https:\/\/www.silven.fi\/wp-content\/uploads\/2025\/05\/Tyojarjestysmuutosesitys.png\" alt=\"\" class=\"wp-image-9701\" style=\"width:432px;height:auto\" srcset=\"https:\/\/www.silven.fi\/wp-content\/uploads\/2025\/05\/Tyojarjestysmuutosesitys.png 514w, https:\/\/www.silven.fi\/wp-content\/uploads\/2025\/05\/Tyojarjestysmuutosesitys-300x293.png 300w\" sizes=\"auto, (max-width: 514px) 100vw, 514px\" \/><\/figure>\n<\/div>\n\n\n<p>Perustelematta on j\u00e4\u00e4nyt, mik\u00e4 on ollut raskasta ja takkuilevaa. Ilmeisesti hallituksessa on j\u00e4seni\u00e4, jotka ymm\u00e4rsiv\u00e4t esitetyn p\u00e4\u00e4t\u00f6ksen mahdolliset seuraukset, sill\u00e4 asia j\u00e4i p\u00f6yd\u00e4lle.<\/p>\n\n\n\n<p>Kuten muutamassa saamassani yksityisviestiss\u00e4 on opastettu ja  <a href=\"https:\/\/www.silven.fi\/index.php\/2025\/05\/13\/erikoista-menoa\/#comment-7093\">er\u00e4\u00e4ss\u00e4 edellisen blogartikkelini kommentissa<\/a> todetaan &#8221;<em>Yliopistoissa on k\u00e4yt\u00f6ss\u00e4 yliopistojen palkkausj\u00e4rjestelm\u00e4 YPJ, joka koskee kaikki opettajia- ja tutkijoita<\/em>&#8221;; ks. <a href=\"https:\/\/www.sivista.fi\/wp-content\/uploads\/2023\/04\/Yliopistojen-yleinen-tyoehtosopimus-01042023_31032025.pdf\">ty\u00f6ehtosopimus<\/a>. On vaikea tulkita yliopiston hallituksen puheenjohtajan mahdollista tiet\u00e4m\u00e4tt\u00f6myytt\u00e4 siit\u00e4 lievent\u00e4v\u00e4ksi seikaksi.<\/p>\n\n\n\n<p><strong>Toinen kiintoisa asia <\/strong>on kohdan 12.1. &#8221;<em>University of Arctic -sopimukseen liittyv\u00e4 keskustelu<\/em>&#8221;. Senk\u00e4\u00e4n sis\u00e4lt\u00f6 ei paljastu suoraan p\u00f6yt\u00e4kirjasta ilman pyyt\u00e4mi\u00e4ni liitteit\u00e4. Yliopiston hallituksen puheenjohtajan esitysdia on alla:<\/p>\n\n\n<div class=\"wp-block-image\">\n<figure class=\"aligncenter size-large\"><img loading=\"lazy\" decoding=\"async\" width=\"1024\" height=\"557\" src=\"https:\/\/www.silven.fi\/wp-content\/uploads\/2025\/05\/image-7-1024x557.png\" alt=\"\" class=\"wp-image-9720\" srcset=\"https:\/\/www.silven.fi\/wp-content\/uploads\/2025\/05\/image-7-1024x557.png 1024w, https:\/\/www.silven.fi\/wp-content\/uploads\/2025\/05\/image-7-300x163.png 300w, https:\/\/www.silven.fi\/wp-content\/uploads\/2025\/05\/image-7-768x418.png 768w, https:\/\/www.silven.fi\/wp-content\/uploads\/2025\/05\/image-7.png 1425w\" sizes=\"auto, (max-width: 1024px) 100vw, 1024px\" \/><\/figure>\n<\/div>\n\n\n<p>Yliopistolaki sin\u00e4ns\u00e4 mahdollistaa rehtorille siirt\u00e4\u00e4 jokin asia muun toimielimen p\u00e4\u00e4tett\u00e4v\u00e4ksi. Kuitenkaan hallituksen puheenjohtaja ja varapuheenjohtaja eiv\u00e4t ole toimielin. Hallitus on. Allekirjoitusvaltuutusta ei hallitus p\u00f6yt\u00e4kirjojen perusteella ollut antanut. P\u00e4\u00e4t\u00f6s puuttuu eli kyse on ollut toimivallan vastaisesta menettelyst\u00e4.<\/p>\n\n\n\n<p>Hallituksen puheenjohtajan esitysdiassa jo sen &#8221;<em>Tausta<\/em>&#8221; -osuus saattaa olla ristiriidassa todellisten tapahtumien kanssa. Sen mukaan &#8221;<em>Puheenjohtaja kertoi hallitukselle sopimustilanteesta joulukuun ep\u00e4virallisessa keskustelussa<\/em>&#8221;.<\/p>\n\n\n<div class=\"wp-block-image\">\n<figure class=\"aligncenter size-large\"><img loading=\"lazy\" decoding=\"async\" width=\"1024\" height=\"74\" src=\"https:\/\/www.silven.fi\/wp-content\/uploads\/2025\/05\/image-5-1024x74.png\" alt=\"\" class=\"wp-image-9709\" srcset=\"https:\/\/www.silven.fi\/wp-content\/uploads\/2025\/05\/image-5-1024x74.png 1024w, https:\/\/www.silven.fi\/wp-content\/uploads\/2025\/05\/image-5-300x22.png 300w, https:\/\/www.silven.fi\/wp-content\/uploads\/2025\/05\/image-5-768x56.png 768w, https:\/\/www.silven.fi\/wp-content\/uploads\/2025\/05\/image-5.png 1157w\" sizes=\"auto, (max-width: 1024px) 100vw, 1024px\" \/><\/figure>\n<\/div>\n\n\n<p>Hallituksen j\u00e4sen, HTM Tiina Rajala on lausumassaan kuitenkin kirjoittanut, ett\u00e4 &#8221;<em>Yliopiston hallitukselle kerrottiin 16.12.2024 hallituksen kokouksen j\u00e4lkeen, ett\u00e4 silloinen rehtori Niinim\u00e4ki siirtyy kev\u00e4\u00e4ll\u00e4 1.4.2025 UArctic organisaation palvelukseen. Asiasta ei kerrottu enemp\u00e4\u00e4<\/em>&#8221;.<\/p>\n\n\n<div class=\"wp-block-image\">\n<figure class=\"aligncenter size-full\"><img loading=\"lazy\" decoding=\"async\" width=\"816\" height=\"70\" src=\"https:\/\/www.silven.fi\/wp-content\/uploads\/2025\/05\/image-4.png\" alt=\"\" class=\"wp-image-9708\" srcset=\"https:\/\/www.silven.fi\/wp-content\/uploads\/2025\/05\/image-4.png 816w, https:\/\/www.silven.fi\/wp-content\/uploads\/2025\/05\/image-4-300x26.png 300w, https:\/\/www.silven.fi\/wp-content\/uploads\/2025\/05\/image-4-768x66.png 768w\" sizes=\"auto, (max-width: 816px) 100vw, 816px\" \/><\/figure>\n<\/div>\n\n\n<p>Hallituksen j\u00e4sen, kielitieteilij\u00e4 FT Janne Saarikivi on tehnyt saman havainnon: &#8221;<em>Hallituksen 16.12.2024  pidetyss\u00e4 kokouksessa pj Ayub ilmoitti kokouksen muiden asioiden yhteydess\u00e4 entisen rehtorin siirtymisest\u00e4 UArcticiin, mutta ei tiedottanut aikeestaan allekirjoittaa (seuravana p\u00e4iv\u00e4n\u00e4) asiasta sopimus,<\/em>&#8221;.<\/p>\n\n\n<div class=\"wp-block-image\">\n<figure class=\"aligncenter size-full\"><img loading=\"lazy\" decoding=\"async\" width=\"870\" height=\"100\" src=\"https:\/\/www.silven.fi\/wp-content\/uploads\/2025\/05\/image-6.png\" alt=\"\" class=\"wp-image-9711\" srcset=\"https:\/\/www.silven.fi\/wp-content\/uploads\/2025\/05\/image-6.png 870w, https:\/\/www.silven.fi\/wp-content\/uploads\/2025\/05\/image-6-300x34.png 300w, https:\/\/www.silven.fi\/wp-content\/uploads\/2025\/05\/image-6-768x88.png 768w\" sizes=\"auto, (max-width: 870px) 100vw, 870px\" \/><\/figure>\n<\/div>\n\n\n<p>Lausumassaan h\u00e4n toteaa mm. &#8221;<em>Yliopistoon ei n\u00e4hd\u00e4kseni tulisi perustaa johtoteht\u00e4vi\u00e4, joihin kutsutaan ilman julkista ja avointa hakua. OY:n teht\u00e4viin ei my\u00f6sk\u00e4\u00e4n kuulu maksaa toiseen organisaatioon perustettavan johtoteht\u00e4v\u00e4n kuluja<\/em>.&#8221;<\/p>\n\n\n\n<p>Tuota vasten Oulun yliopistoyhteis\u00f6n j\u00e4senet pohtinevat my\u00f6s puheenjohtajan arviota 1.2M\u20ac kuluista (lainaus puheenjohtajan esitysdian kohdasta &#8221;<em>Valtuus p\u00e4\u00e4tt\u00e4\u00e4 asiasta<\/em>&#8221;): &#8221;<em>Sopimus ei merkitykselt\u00e4\u00e4n tai taloudelliselta vaikutukseltaan nouse sellaiseksi merkitt\u00e4v\u00e4ksi sopimukseksi, ett\u00e4 se kuuluisi hallituksen teht\u00e4viin<\/em>&#8221;. <\/p>\n\n\n\n<hr class=\"wp-block-separator has-alpha-channel-opacity\"\/>\n\n\n\n<p>Suosittelen lukemaan alla olevat yliopiston hallituksen j\u00e4senten lausunnot:<\/p>\n\n\n\n<div data-wp-interactive=\"core\/file\" class=\"wp-block-file\"><object data-wp-bind--hidden=\"!state.hasPdfPreview\" hidden class=\"wp-block-file__embed\" data=\"https:\/\/www.silven.fi\/wp-content\/uploads\/2025\/05\/12.1-\u00a7-Liite-2-Tiina-Rajalan-lausuma-liitteineen-20250429.pdf\" type=\"application\/pdf\" style=\"width:100%;height:600px\" aria-label=\"Tiedoston 12.1 \u00a7 Liite 2 Tiina Rajalan lausuma liitteineen 20250429 upotus.\"><\/object><a id=\"wp-block-file--media-92f2debe-62d9-45e9-9488-32c84c23e190\" href=\"https:\/\/www.silven.fi\/wp-content\/uploads\/2025\/05\/12.1-\u00a7-Liite-2-Tiina-Rajalan-lausuma-liitteineen-20250429.pdf\">12.1 \u00a7 Liite 2 Tiina Rajalan lausuma liitteineen 20250429<\/a><a href=\"https:\/\/www.silven.fi\/wp-content\/uploads\/2025\/05\/12.1-\u00a7-Liite-2-Tiina-Rajalan-lausuma-liitteineen-20250429.pdf\" class=\"wp-block-file__button wp-element-button\" download aria-describedby=\"wp-block-file--media-92f2debe-62d9-45e9-9488-32c84c23e190\">Lataa<\/a><\/div>\n\n\n\n<div data-wp-interactive=\"core\/file\" class=\"wp-block-file\"><object data-wp-bind--hidden=\"!state.hasPdfPreview\" hidden class=\"wp-block-file__embed\" data=\"https:\/\/www.silven.fi\/wp-content\/uploads\/2025\/05\/12.1-\u00a7-Liite-3-Janne-Saarikiven-lausuma-20250429.pdf\" type=\"application\/pdf\" style=\"width:100%;height:600px\" aria-label=\"Tiedoston 12.1 \u00a7 Liite 3 Janne Saarikiven lausuma 20250429 upotus.\"><\/object><a id=\"wp-block-file--media-2df93691-a1f1-4408-af7c-7186c06a4431\" href=\"https:\/\/www.silven.fi\/wp-content\/uploads\/2025\/05\/12.1-\u00a7-Liite-3-Janne-Saarikiven-lausuma-20250429.pdf\">12.1 \u00a7 Liite 3 Janne Saarikiven lausuma 20250429<\/a><a href=\"https:\/\/www.silven.fi\/wp-content\/uploads\/2025\/05\/12.1-\u00a7-Liite-3-Janne-Saarikiven-lausuma-20250429.pdf\" class=\"wp-block-file__button wp-element-button\" download aria-describedby=\"wp-block-file--media-2df93691-a1f1-4408-af7c-7186c06a4431\">Lataa<\/a><\/div>\n\n\n\n<p><\/p>\n","protected":false},"excerpt":{"rendered":"<p>Pyyt\u00e4m\u00e4ni yliopiston hallituksen 29.4.2025 kokouksen p\u00f6yt\u00e4kirjan liitteet saapuivat nopeasti. Niist\u00e4 paljastuu, kuinka Oulun yliopiston hallinto ylimm\u00e4ll\u00e4 tasollaan toimii. Liittein\u00e4 olleet kahden hallituksen j\u00e4senen lausunnot ovat t\u00e4m\u00e4n blogiartikkelin lopussa. Ensimm\u00e4inen kiintoisa dokumentti on hallituksen puheenjohtajan kokouksessa 29.4.2025 esitt\u00e4m\u00e4 hallinnon virtaviivaistus siirt\u00e4m\u00e4ll\u00e4 hallituksen t\u00e4rke\u00e4 kontrolli- ja kannusteinstrumentti pienen piirin k\u00e4siin kevent\u00e4mis- ja sujuvoittamisperusteella. Esitysdia tiivist\u00e4\u00e4 kaiken: &#8221;Muutoksen&hellip; <a class=\"more-link\" href=\"https:\/\/www.silven.fi\/index.php\/2025\/05\/20\/poytakirja-29-4-2025\/\">Jatka lukemista <span class=\"screen-reader-text\">P\u00f6yt\u00e4kirja 29.4.2025<\/span><\/a><\/p>\n","protected":false},"author":1,"featured_media":0,"comment_status":"open","ping_status":"closed","sticky":false,"template":"","format":"standard","meta":{"footnotes":""},"categories":[1],"tags":[],"class_list":["post-9700","post","type-post","status-publish","format-standard","hentry","category-uncategorized","entry"],"_links":{"self":[{"href":"https:\/\/www.silven.fi\/index.php\/wp-json\/wp\/v2\/posts\/9700","targetHints":{"allow":["GET"]}}],"collection":[{"href":"https:\/\/www.silven.fi\/index.php\/wp-json\/wp\/v2\/posts"}],"about":[{"href":"https:\/\/www.silven.fi\/index.php\/wp-json\/wp\/v2\/types\/post"}],"author":[{"embeddable":true,"href":"https:\/\/www.silven.fi\/index.php\/wp-json\/wp\/v2\/users\/1"}],"replies":[{"embeddable":true,"href":"https:\/\/www.silven.fi\/index.php\/wp-json\/wp\/v2\/comments?post=9700"}],"version-history":[{"count":20,"href":"https:\/\/www.silven.fi\/index.php\/wp-json\/wp\/v2\/posts\/9700\/revisions"}],"predecessor-version":[{"id":9750,"href":"https:\/\/www.silven.fi\/index.php\/wp-json\/wp\/v2\/posts\/9700\/revisions\/9750"}],"wp:attachment":[{"href":"https:\/\/www.silven.fi\/index.php\/wp-json\/wp\/v2\/media?parent=9700"}],"wp:term":[{"taxonomy":"category","embeddable":true,"href":"https:\/\/www.silven.fi\/index.php\/wp-json\/wp\/v2\/categories?post=9700"},{"taxonomy":"post_tag","embeddable":true,"href":"https:\/\/www.silven.fi\/index.php\/wp-json\/wp\/v2\/tags?post=9700"}],"curies":[{"name":"wp","href":"https:\/\/api.w.org\/{rel}","templated":true}]}}