{"id":9741,"date":"2025-06-17T07:00:00","date_gmt":"2025-06-17T04:00:00","guid":{"rendered":"https:\/\/www.silven.fi\/?p=9741"},"modified":"2025-06-17T12:51:45","modified_gmt":"2025-06-17T09:51:45","slug":"abo","status":"publish","type":"post","link":"https:\/\/www.silven.fi\/index.php\/2025\/06\/17\/abo\/","title":{"rendered":"\u00c5bo"},"content":{"rendered":"\n<p>Yle <a href=\"https:\/\/yle.fi\/a\/74-20154037\">uutisoi 4.4.2025 \u00c5bo Akademin rehtorin eroavan teht\u00e4v\u00e4st\u00e4\u00e4n<\/a>. Sittemmin se <a href=\"https:\/\/yle.fi\/a\/74-20161595\">uutisoi 14.5.2025 sis\u00e4isen tarkastajan raportista<\/a> seuranneesta \u00c5bo Akademin hallituksen k\u00e4sittelyst\u00e4:<\/p>\n\n\n<div class=\"wp-block-image\">\n<figure class=\"aligncenter size-full is-resized\"><img loading=\"lazy\" decoding=\"async\" width=\"589\" height=\"254\" src=\"https:\/\/www.silven.fi\/wp-content\/uploads\/2025\/05\/image-10.png\" alt=\"\" class=\"wp-image-9742\" style=\"width:355px;height:auto\" srcset=\"https:\/\/www.silven.fi\/wp-content\/uploads\/2025\/05\/image-10.png 589w, https:\/\/www.silven.fi\/wp-content\/uploads\/2025\/05\/image-10-300x129.png 300w\" sizes=\"auto, (max-width: 589px) 100vw, 589px\" \/><\/figure>\n<\/div>\n\n\n<p>Uutisen mukaan &#8221;J\u00e4\u00e4viysep\u00e4ilyt kohdistuvat yliopiston henkil\u00f6st\u00f6rekrytointiin.\u00a0<a href=\"https:\/\/yle.fi\/a\/7-10075470\">Yle \u00c5bolandin<\/a>\u00a0mukaan yliopiston entisen rehtorin oli ep\u00e4ilty suosineen er\u00e4st\u00e4 yliopistolla ty\u00f6skentelev\u00e4\u00e4 henkil\u00f6\u00e4&#8221;. Viitatusta Yle \u00c5bolandin artikkelista, joka perustunee sis\u00e4isen tarkastajan raportista vuotaneisiin tietoihin, k\u00e4y ilmi mm. seuraavaa:<\/p>\n\n\n<div class=\"wp-block-image\">\n<figure class=\"aligncenter size-full is-resized\"><img loading=\"lazy\" decoding=\"async\" width=\"786\" height=\"157\" src=\"https:\/\/www.silven.fi\/wp-content\/uploads\/2025\/05\/image-11.png\" alt=\"\" class=\"wp-image-9743\" style=\"width:493px;height:auto\" srcset=\"https:\/\/www.silven.fi\/wp-content\/uploads\/2025\/05\/image-11.png 786w, https:\/\/www.silven.fi\/wp-content\/uploads\/2025\/05\/image-11-300x60.png 300w, https:\/\/www.silven.fi\/wp-content\/uploads\/2025\/05\/image-11-768x153.png 768w\" sizes=\"auto, (max-width: 786px) 100vw, 786px\" \/><\/figure>\n<\/div>\n\n\n<p>\u00c5bo Akademin hallitus on <a href=\"https:\/\/yle.fi\/a\/7-10077766\">Yle \u00c5bolandin 13.5.2025<\/a> mukaan k\u00e4sitellyt j\u00e4\u00e4viysep\u00e4ilyj\u00e4 13.5.2025. T\u00e4m\u00e4 perustuu yliopiston samana p\u00e4iv\u00e4n\u00e4 julkaisemaan <a href=\"https:\/\/www.abo.fi\/nyheter\/abo-akademi-tar-stallning-till-atgarder-efter-misstankar-om-jav\/\">lehdist\u00f6tiedotteeseen<\/a>.<\/p>\n\n\n<div class=\"wp-block-image\">\n<figure class=\"aligncenter size-full is-resized\"><img loading=\"lazy\" decoding=\"async\" width=\"838\" height=\"291\" src=\"https:\/\/www.silven.fi\/wp-content\/uploads\/2025\/05\/image-13.png\" alt=\"\" class=\"wp-image-9752\" style=\"width:233px;height:auto\" srcset=\"https:\/\/www.silven.fi\/wp-content\/uploads\/2025\/05\/image-13.png 838w, https:\/\/www.silven.fi\/wp-content\/uploads\/2025\/05\/image-13-300x104.png 300w, https:\/\/www.silven.fi\/wp-content\/uploads\/2025\/05\/image-13-768x267.png 768w\" sizes=\"auto, (max-width: 838px) 100vw, 838px\" \/><\/figure>\n<\/div>\n\n\n<p>\u00c5bo Akademissa sis\u00e4inen tarkastaja raportoi ensimm\u00e4isen\u00e4 hallitukselle. Onkohan k\u00e4yt\u00e4nt\u00f6 sek\u00e4 hallituksen suhtautuminen ep\u00e4iltyyn j\u00e4\u00e4viyteen ollut sama Oulun yliopistossa?<\/p>\n\n\n\n<p>Blogi siirtyy kes\u00e4tauolle. Seuraava artikkeli ilmestyy 26.8.2025.<\/p>\n\n\n\n<p><\/p>\n","protected":false},"excerpt":{"rendered":"<p>Yle uutisoi 4.4.2025 \u00c5bo Akademin rehtorin eroavan teht\u00e4v\u00e4st\u00e4\u00e4n. Sittemmin se uutisoi 14.5.2025 sis\u00e4isen tarkastajan raportista seuranneesta \u00c5bo Akademin hallituksen k\u00e4sittelyst\u00e4: Uutisen mukaan &#8221;J\u00e4\u00e4viysep\u00e4ilyt kohdistuvat yliopiston henkil\u00f6st\u00f6rekrytointiin.\u00a0Yle \u00c5bolandin\u00a0mukaan yliopiston entisen rehtorin oli ep\u00e4ilty suosineen er\u00e4st\u00e4 yliopistolla ty\u00f6skentelev\u00e4\u00e4 henkil\u00f6\u00e4&#8221;. Viitatusta Yle \u00c5bolandin artikkelista, joka perustunee sis\u00e4isen tarkastajan raportista vuotaneisiin tietoihin, k\u00e4y ilmi mm. seuraavaa: \u00c5bo Akademin hallitus&hellip; <a class=\"more-link\" href=\"https:\/\/www.silven.fi\/index.php\/2025\/06\/17\/abo\/\">Jatka lukemista <span class=\"screen-reader-text\">\u00c5bo<\/span><\/a><\/p>\n","protected":false},"author":1,"featured_media":0,"comment_status":"open","ping_status":"closed","sticky":false,"template":"","format":"standard","meta":{"footnotes":""},"categories":[1],"tags":[],"class_list":["post-9741","post","type-post","status-publish","format-standard","hentry","category-uncategorized","entry"],"_links":{"self":[{"href":"https:\/\/www.silven.fi\/index.php\/wp-json\/wp\/v2\/posts\/9741","targetHints":{"allow":["GET"]}}],"collection":[{"href":"https:\/\/www.silven.fi\/index.php\/wp-json\/wp\/v2\/posts"}],"about":[{"href":"https:\/\/www.silven.fi\/index.php\/wp-json\/wp\/v2\/types\/post"}],"author":[{"embeddable":true,"href":"https:\/\/www.silven.fi\/index.php\/wp-json\/wp\/v2\/users\/1"}],"replies":[{"embeddable":true,"href":"https:\/\/www.silven.fi\/index.php\/wp-json\/wp\/v2\/comments?post=9741"}],"version-history":[{"count":6,"href":"https:\/\/www.silven.fi\/index.php\/wp-json\/wp\/v2\/posts\/9741\/revisions"}],"predecessor-version":[{"id":9858,"href":"https:\/\/www.silven.fi\/index.php\/wp-json\/wp\/v2\/posts\/9741\/revisions\/9858"}],"wp:attachment":[{"href":"https:\/\/www.silven.fi\/index.php\/wp-json\/wp\/v2\/media?parent=9741"}],"wp:term":[{"taxonomy":"category","embeddable":true,"href":"https:\/\/www.silven.fi\/index.php\/wp-json\/wp\/v2\/categories?post=9741"},{"taxonomy":"post_tag","embeddable":true,"href":"https:\/\/www.silven.fi\/index.php\/wp-json\/wp\/v2\/tags?post=9741"}],"curies":[{"name":"wp","href":"https:\/\/api.w.org\/{rel}","templated":true}]}}