{"id":996,"date":"2021-12-10T08:57:00","date_gmt":"2021-12-10T06:57:00","guid":{"rendered":"https:\/\/www.silven.fi\/?p=996"},"modified":"2021-12-10T06:43:36","modified_gmt":"2021-12-10T04:43:36","slug":"yksisuuntaista-viestintaa","status":"publish","type":"post","link":"https:\/\/www.silven.fi\/index.php\/2021\/12\/10\/yksisuuntaista-viestintaa\/","title":{"rendered":"Yksisuuntaista viestint\u00e4\u00e4"},"content":{"rendered":"\n<p>Sain 5.12.2021 er\u00e4\u00e4ss\u00e4 minulle l\u00e4hetetyss\u00e4 viestiss\u00e4 alla olevan kuvakaappauksen Facebook-keskustelusta. Teksti kannattaa lukea, sill\u00e4 se saattaa edustaa yliopistomme viestinn\u00e4n kantaa.<\/p>\n\n\n\n<figure class=\"wp-block-image size-large is-resized\"><img loading=\"lazy\" decoding=\"async\" src=\"https:\/\/www.silven.fi\/wp-content\/uploads\/2021\/12\/viestinta-471x1024.png\" alt=\"\" class=\"wp-image-997\" width=\"293\" height=\"637\" srcset=\"https:\/\/www.silven.fi\/wp-content\/uploads\/2021\/12\/viestinta-471x1024.png 471w, https:\/\/www.silven.fi\/wp-content\/uploads\/2021\/12\/viestinta-138x300.png 138w, https:\/\/www.silven.fi\/wp-content\/uploads\/2021\/12\/viestinta.png 478w\" sizes=\"auto, (max-width: 293px) 100vw, 293px\" \/><\/figure>\n\n\n\n<p>T\u00e4st\u00e4 k\u00e4y ilmi, ett\u00e4 (1) viestint\u00e4 on tarkoitettu yksisuuntaiseksi ylh\u00e4\u00e4lt\u00e4 alas ja (2) viestinn\u00e4n ongelmat ovat organisaation muilla tasoilla, jotka ovat ep\u00e4onnistuneet johdon viestin v\u00e4litt\u00e4misess\u00e4 edelleen alasp\u00e4in. <\/p>\n\n\n\n<p>Viestinn\u00e4n konkretisointi yll\u00e4 on  &#8221;<em>Esimerkkin\u00e4 humanistisen tiedekunnan opiskelijoiden tulisi saada tietoa hallituksen opiskelijaj\u00e4senilt\u00e4<\/em>&#8221;. Mutta t\u00e4m\u00e4kin edellytt\u00e4isi johdonmukaisuutta. <a href=\"https:\/\/www.silven.fi\/index.php\/2021\/11\/26\/kaleva-26-11-2021\/\">Kalevan 26.11.2021 artikkeli<\/a> kertoo jostakin muusta.  Ja miksi hallituksen opiskelijaj\u00e4senet eiv\u00e4t voisi saada tietoa opiskelijoilta v\u00e4litett\u00e4v\u00e4ksi hallitukselle, jotta v\u00e4lttyisiv\u00e4t <a href=\"https:\/\/www.kaleva.fi\/opiskelijat-kannattavat-yliopiston-suunnitelmaa-ra\/2502720\">Kalevan 8.5.2020 artikkelin<\/a> kaltaisilta varomattomilta lausumilta, joiden katteeksi ei ole ollut tietoa? Miksi he ovat pelkki\u00e4 viestinvieji\u00e4?<\/p>\n\n\n\n<figure class=\"wp-block-image size-large is-resized\"><img loading=\"lazy\" decoding=\"async\" src=\"https:\/\/www.silven.fi\/wp-content\/uploads\/2021\/11\/image-5-1024x381.png\" alt=\"\" class=\"wp-image-850\" width=\"365\" height=\"135\" srcset=\"https:\/\/www.silven.fi\/wp-content\/uploads\/2021\/11\/image-5-1024x381.png 1024w, https:\/\/www.silven.fi\/wp-content\/uploads\/2021\/11\/image-5-300x112.png 300w, https:\/\/www.silven.fi\/wp-content\/uploads\/2021\/11\/image-5-768x286.png 768w, https:\/\/www.silven.fi\/wp-content\/uploads\/2021\/11\/image-5.png 1490w\" sizes=\"auto, (max-width: 365px) 100vw, 365px\" \/><\/figure>\n\n\n\n<p>Eik\u00f6 yliopiston johto halua kuunnella yliopistoyhteis\u00f6n omistaan poikkeavia kantoja? Mik\u00e4 muu selitt\u00e4\u00e4, ett\u00e4 sinnikk\u00e4\u00e4tkin yritykset kaksisuuntaiseen keskusteluun ovat ep\u00e4onnistuneet? <\/p>\n\n\n\n<p>T\u00e4st\u00e4 esimerkki on mm. <a href=\"https:\/\/www.silven.fi\/index.php\/2021\/10\/06\/kahdeksan-tutkimusyksikon-kirje\/\">kahdeksan tieto- ja s\u00e4hk\u00f6tekniikan tiedekunnan tutkimusyksik\u00f6n johtajan kirjeeseen<\/a> liki <a href=\"https:\/\/www.silven.fi\/index.php\/2021\/10\/30\/yha-syvempaa-myotahapeaa\/\">puolta vuotta my\u00f6hemmin saatu kuittausvastaus.<\/a> Kirjeest\u00e4 on vastauksen mukaan keskusteltu <a href=\"https:\/\/www.oulu.fi\/sites\/default\/files\/content\/OY%20hallitus%20P%C3%B6yt%C3%A4kirja%2020211021%20UniOuluSign.pdf\">yliopiston hallituksen kokouksessa 21.10.2021<\/a>. P\u00f6yt\u00e4kirjassa ei kohdassa &#8221;7. Muut asiat&#8221; ole edes mainintaa k\u00e4ydyst\u00e4 keskustelusta.<\/p>\n\n\n\n<figure class=\"wp-block-image size-large is-resized\"><img loading=\"lazy\" decoding=\"async\" src=\"https:\/\/www.silven.fi\/wp-content\/uploads\/2021\/10\/Vastaus_Kallo_hpj_29.10.2021-1024x556.png\" alt=\"\" class=\"wp-image-388\" width=\"581\" height=\"315\" srcset=\"https:\/\/www.silven.fi\/wp-content\/uploads\/2021\/10\/Vastaus_Kallo_hpj_29.10.2021-1024x556.png 1024w, https:\/\/www.silven.fi\/wp-content\/uploads\/2021\/10\/Vastaus_Kallo_hpj_29.10.2021-300x163.png 300w, https:\/\/www.silven.fi\/wp-content\/uploads\/2021\/10\/Vastaus_Kallo_hpj_29.10.2021-768x417.png 768w, https:\/\/www.silven.fi\/wp-content\/uploads\/2021\/10\/Vastaus_Kallo_hpj_29.10.2021.png 1282w\" sizes=\"auto, (max-width: 581px) 100vw, 581px\" \/><\/figure>\n\n\n\n<p>Miksi aito kaksisuuntaisuus puuttuu? Miten on selitett\u00e4viss\u00e4 viimeaikaiset <a href=\"https:\/\/yle.fi\/uutiset\/3-12215247\">humanistiopiskelijoiden<\/a>, <a href=\"https:\/\/www.kaleva.fi\/valtaosa-oulun-yliopiston-professoreista-ei-nae-ra\/4162586\">professoriliiton<\/a> ja <a href=\"https:\/\/yle.fi\/uutiset\/3-12220624\">Oulun yliopiston akateemisten<\/a> kampuskyselyiden tulokset? En ole huomannut yliopiston viestinn\u00e4n noteeranneen niit\u00e4. Ajaako Raksila-hanketta ainoastaan yliopiston johto nykyisen hallituksen ja viestinn\u00e4n tuella?<\/p>\n","protected":false},"excerpt":{"rendered":"<p>Sain 5.12.2021 er\u00e4\u00e4ss\u00e4 minulle l\u00e4hetetyss\u00e4 viestiss\u00e4 alla olevan kuvakaappauksen Facebook-keskustelusta. Teksti kannattaa lukea, sill\u00e4 se saattaa edustaa yliopistomme viestinn\u00e4n kantaa. T\u00e4st\u00e4 k\u00e4y ilmi, ett\u00e4 (1) viestint\u00e4 on tarkoitettu yksisuuntaiseksi ylh\u00e4\u00e4lt\u00e4 alas ja (2) viestinn\u00e4n ongelmat ovat organisaation muilla tasoilla, jotka ovat ep\u00e4onnistuneet johdon viestin v\u00e4litt\u00e4misess\u00e4 edelleen alasp\u00e4in. Viestinn\u00e4n konkretisointi yll\u00e4 on &#8221;Esimerkkin\u00e4 humanistisen tiedekunnan opiskelijoiden&hellip; <a class=\"more-link\" href=\"https:\/\/www.silven.fi\/index.php\/2021\/12\/10\/yksisuuntaista-viestintaa\/\">Jatka lukemista <span class=\"screen-reader-text\">Yksisuuntaista viestint\u00e4\u00e4<\/span><\/a><\/p>\n","protected":false},"author":1,"featured_media":0,"comment_status":"open","ping_status":"open","sticky":false,"template":"","format":"standard","meta":{"footnotes":""},"categories":[1],"tags":[],"class_list":["post-996","post","type-post","status-publish","format-standard","hentry","category-uncategorized","entry"],"_links":{"self":[{"href":"https:\/\/www.silven.fi\/index.php\/wp-json\/wp\/v2\/posts\/996","targetHints":{"allow":["GET"]}}],"collection":[{"href":"https:\/\/www.silven.fi\/index.php\/wp-json\/wp\/v2\/posts"}],"about":[{"href":"https:\/\/www.silven.fi\/index.php\/wp-json\/wp\/v2\/types\/post"}],"author":[{"embeddable":true,"href":"https:\/\/www.silven.fi\/index.php\/wp-json\/wp\/v2\/users\/1"}],"replies":[{"embeddable":true,"href":"https:\/\/www.silven.fi\/index.php\/wp-json\/wp\/v2\/comments?post=996"}],"version-history":[{"count":12,"href":"https:\/\/www.silven.fi\/index.php\/wp-json\/wp\/v2\/posts\/996\/revisions"}],"predecessor-version":[{"id":1053,"href":"https:\/\/www.silven.fi\/index.php\/wp-json\/wp\/v2\/posts\/996\/revisions\/1053"}],"wp:attachment":[{"href":"https:\/\/www.silven.fi\/index.php\/wp-json\/wp\/v2\/media?parent=996"}],"wp:term":[{"taxonomy":"category","embeddable":true,"href":"https:\/\/www.silven.fi\/index.php\/wp-json\/wp\/v2\/categories?post=996"},{"taxonomy":"post_tag","embeddable":true,"href":"https:\/\/www.silven.fi\/index.php\/wp-json\/wp\/v2\/tags?post=996"}],"curies":[{"name":"wp","href":"https:\/\/api.w.org\/{rel}","templated":true}]}}